{"id":39806,"date":"2024-05-15T10:14:16","date_gmt":"2024-05-15T13:14:16","guid":{"rendered":"http:\/\/jornaldeitaipava.com.br\/?p=39806"},"modified":"2024-05-15T10:14:19","modified_gmt":"2024-05-15T13:14:19","slug":"com-apoio-do-exercito-e-forca-aerea-10-entidades-de-petropolis-lancam-campanha-em-apoio-ao-rio-grande-do-sul","status":"publish","type":"post","link":"https:\/\/jornaldeitaipava.com.br\/index.php\/2024\/05\/15\/com-apoio-do-exercito-e-forca-aerea-10-entidades-de-petropolis-lancam-campanha-em-apoio-ao-rio-grande-do-sul\/","title":{"rendered":"Com apoio do Ex\u00e9rcito e For\u00e7a A\u00e9rea, 10 entidades de Petr\u00f3polis lan\u00e7am campanha em apoio ao Rio Grande do Sul"},"content":{"rendered":"\n<p class=\"has-text-align-center\"><strong>Veja o que doar e quais os pontos abertos para a entrega do material<\/strong><\/p>\n\n\n\n<p>Com o apoio do Ex\u00e9rcito e da For\u00e7a A\u00e9rea Brasileira, dez entidades de Petr\u00f3polis iniciam nesta quarta-feira (15), campanha de arrecada\u00e7\u00e3o de donativos para as fam\u00edlias atingidas pelas chuvas no Rio Grande do Sul. O per\u00edodo de doa\u00e7\u00f5es vai seguir at\u00e9 o dia 03 de junho, em tr\u00eas pontos considerados estrat\u00e9gicos: Igreja Casa Viva, em Itaipava; Cefet (antigo Forum na Rua do Imperador) e o campus Benjamin Constant da Universidade Cat\u00f3lica de Petr\u00f3polis. Uma reuni\u00e3o na segunda-feira (13), na UCP, alinhou detalhes entre as entidades participantes. Os tr\u00eas locais foram apontados como ideais para o recebimento das doa\u00e7\u00f5es em fun\u00e7\u00e3o da capacidade de armazenamento e localiza\u00e7\u00e3o. Mas outros espa\u00e7os tamb\u00e9m ficar\u00e3o dispon\u00edveis no per\u00edodo. O 32\u00b0 Batalh\u00e3o de Infantaria Leve de Montanha (32\u00ba BIL Mth) e o Destacamento de Controle do Espa\u00e7o A\u00e9reo do Pico do Couto (DTCEA-PCO), far\u00e3o o recolhimento e encaminhamento do material para o Sul do pa\u00eds.<br>As entidades elegeram como priorit\u00e1rios para as doa\u00e7\u00f5es, conforme orienta\u00e7\u00f5es de institui\u00e7\u00f5es que fazem o trabalho de acolhimento das fam\u00edlias desabrigadas, os seguintes materiais: \u00e1gua, artigos de higiene pessoal, produtos de limpeza e ra\u00e7\u00e3o para animais. Outros produtos, caso sejam entregues, n\u00e3o ser\u00e3o recusados, mas os materiais listados s\u00e3o mais necess\u00e1rios neste socorro aos moradores do Rio Grande do Sul.<br>A campanha, al\u00e9m do tem a participa\u00e7\u00e3o do Petr\u00f3polis Convention &amp; Visitors Bureau, OAB subse\u00e7\u00e3o Petr\u00f3polis, Universidade Cat\u00f3lica de Petr\u00f3polis, C\u00e2mara de Dirigentes Lojistas de Petr\u00f3polis, Associa\u00e7\u00e3o Filantr\u00f3pica de Petr\u00f3polis, Cefet Petr\u00f3polis, Igreja Batista Casa Viva Itaipava, SECOPE &#8211; Sindicato do Condom\u00ednios Comerciais, Residenciais e Mistos de Petr\u00f3polis, Feirinha de Itaipava, Igreja Evang\u00e9lica de Confiss\u00e3o Luterana de Petr\u00f3polis, 32\u00ba BIL Mth e DTCEA-PCO.<br>\u201cA ideia \u00e9 que em 15 dias se consiga o m\u00e1ximo de produtos entre esses identificados como de maior urg\u00eancia neste momento. Os postos de recolhimento, posteriormente, s\u00e3o desmontados, mas podem ser reativados em caso de outras necessidades\u201d, afirma, Samir el Ghaoui, presidente do Petr\u00f3polis Convention.<br>A indica\u00e7\u00e3o \u00e9 de que empresas, prestadores de servi\u00e7os e pessoas associadas a estas entidades que se uniram na campanha, fa\u00e7am a doa\u00e7\u00e3o nos endere\u00e7os tamb\u00e9m disponibilizados por elas, mas estes pontos tamb\u00e9m recebem donativos da popula\u00e7\u00e3o interessada em doar. Os tr\u00eas endere\u00e7os priorit\u00e1rios est\u00e3o abertos \u00e0 comunidade em geral e foram escolhidos para facilitar o acesso dos doadores.<br>Mais informa\u00e7\u00f5es e atualiza\u00e7\u00f5es estar\u00e3o dispon\u00edveis nos sites e m\u00eddias sociais dos parceiros envolvidos.<\/p>\n\n\n\n<p><strong>Endere\u00e7os priorit\u00e1rios para entrega das doa\u00e7\u00f5es:<\/strong><\/p>\n\n\n\n<p><strong>Cefet\/RJ Uned Petr\u00f3polis<br><\/strong>Rua do Imperador, 971<br>De segunda a sexta-feira, de 8 \u00e0s 18h e, s\u00e1bado, de 8 \u00e0s 12h<\/p>\n\n\n\n<p><strong>Universidade Cat\u00f3lica de Petr\u00f3polis<br><\/strong>Campus Dom Veloso<br>Av. Benjamin Constant, 213 &#8211; Centro<br>Segunda a sexta-feira, das 08h \u00e0s 21h e, s\u00e1bado, de 08h \u00e0s 16h<br>Portaria principal da Universidade &#8211; em frente \u00e0 Capela<\/p>\n\n\n\n<p><strong>Igreja Batista Casa Viva Itaipava<br><\/strong>Estrada Uni\u00e3o e Ind\u00fastria, 11.255 \u2013 Loja 3, Itaipava<br>(Ao lado da Pizzaria Preciatta)<br>Segunda a quinta, das 10h30 \u00e0s 20h e, sexta, de 10h30 \u00e0s 14h30.<\/p>\n\n\n\n<p><strong>Outros locais que tamb\u00e9m recebem os donativos:<\/strong><\/p>\n\n\n\n<p><strong>Petiscaria Imperial<br><\/strong>Rua Dr. Nelson de S\u00e1 Earp , 307, Centro<br>De domingo a domingo, das 9h \u00e0s 23h.<\/p>\n\n\n\n<p><strong>32\u00ba Batalh\u00e3o do Ex\u00e9rcito<br><\/strong>Rua Vinte e Nove de Junho, 962-1000- Valparaiso.<br>De segunda a sexta-feira, de 8h \u00e0s 16h.<\/p>\n\n\n\n<p><strong>3\u00aa Subse\u00e7\u00e3o da OAB de Petr\u00f3polis<br><\/strong>Rua Marechal Deodoro, 229 &#8211; Centro<br>De segunda a sexta-feira, das 9h30 \u00e0s 17h.<\/p>\n\n\n\n<p><strong>Feirinha de Itaipava<br><\/strong>Rodovia Br 040 KM 63<br>Entregas na administra\u00e7\u00e3o do espa\u00e7o<br>De quinta-feira a domingo, de 10h \u00e0s 18 h.<\/p>\n\n\n\n<p><strong>CDL Petr\u00f3polis<br><\/strong>Rua Irm\u00e3os D&#8217;Angelo, 48 Sobreloja, Centro<br>Segunda-feira a sexta-feira de 9h \u00e0s 17h<\/p>\n\n\n\n<p><strong>SECOPE &#8211; Sindicato do Condom\u00ednios Comerciais, Residenciais e Mistos de Petr\u00f3polis<br><\/strong>Rua Marechal Deodoro, 46 sala 208<br>Segunda-feira a sexta-feira de 9h \u00e0s 17h<\/p>\n\n\n\n<p><strong>Associa\u00e7\u00e3o Filantr\u00f3pica de Petr\u00f3polis<br><\/strong>Estrada do Sert\u00e3o n\u00b0248 \u2013 Condom\u00ednio Quinta do Lago \u2013 Vale do Carangola<br>Segunda-feira a sexta-feira de 9h \u00e0s 17h<\/p>\n\n\n\n<p><strong>Comunidade Luterana em Petr\u00f3polis<br><\/strong>Avenida Ipiranga, 244 e 346 &#8211; Centro<br>Segunda a sexta-feira, de 9h \u00e0s 16h<\/p>\n","protected":false},"excerpt":{"rendered":"<p>Veja o que doar e quais os pontos abertos para a entrega do material Com<\/p>\n","protected":false},"author":1,"featured_media":39807,"comment_status":"closed","ping_status":"open","sticky":false,"template":"","format":"standard","meta":{"spay_email":"","footnotes":"","jetpack_publicize_message":""},"categories":[2],"tags":[],"jetpack_featured_media_url":"https:\/\/i2.wp.com\/jornaldeitaipava.com.br\/wp-content\/uploads\/2024\/05\/Reuniao-alinhamento-campanha-doacoes-para-o-RS-1.jpg?fit=1000%2C667&ssl=1","jetpack_publicize_connections":[],"jetpack_sharing_enabled":true,"jetpack_likes_enabled":true,"jetpack-related-posts":[],"_links":{"self":[{"href":"https:\/\/jornaldeitaipava.com.br\/index.php\/wp-json\/wp\/v2\/posts\/39806"}],"collection":[{"href":"https:\/\/jornaldeitaipava.com.br\/index.php\/wp-json\/wp\/v2\/posts"}],"about":[{"href":"https:\/\/jornaldeitaipava.com.br\/index.php\/wp-json\/wp\/v2\/types\/post"}],"author":[{"embeddable":true,"href":"https:\/\/jornaldeitaipava.com.br\/index.php\/wp-json\/wp\/v2\/users\/1"}],"replies":[{"embeddable":true,"href":"https:\/\/jornaldeitaipava.com.br\/index.php\/wp-json\/wp\/v2\/comments?post=39806"}],"version-history":[{"count":1,"href":"https:\/\/jornaldeitaipava.com.br\/index.php\/wp-json\/wp\/v2\/posts\/39806\/revisions"}],"predecessor-version":[{"id":39808,"href":"https:\/\/jornaldeitaipava.com.br\/index.php\/wp-json\/wp\/v2\/posts\/39806\/revisions\/39808"}],"wp:featuredmedia":[{"embeddable":true,"href":"https:\/\/jornaldeitaipava.com.br\/index.php\/wp-json\/wp\/v2\/media\/39807"}],"wp:attachment":[{"href":"https:\/\/jornaldeitaipava.com.br\/index.php\/wp-json\/wp\/v2\/media?parent=39806"}],"wp:term":[{"taxonomy":"category","embeddable":true,"href":"https:\/\/jornaldeitaipava.com.br\/index.php\/wp-json\/wp\/v2\/categories?post=39806"},{"taxonomy":"post_tag","embeddable":true,"href":"https:\/\/jornaldeitaipava.com.br\/index.php\/wp-json\/wp\/v2\/tags?post=39806"}],"curies":[{"name":"wp","href":"https:\/\/api.w.org\/{rel}","templated":true}]}}