{"id":39809,"date":"2024-05-15T10:15:54","date_gmt":"2024-05-15T13:15:54","guid":{"rendered":"http:\/\/jornaldeitaipava.com.br\/?p=39809"},"modified":"2024-05-15T10:15:57","modified_gmt":"2024-05-15T13:15:57","slug":"centro-cultural-sesc-quitandinha-recebe-palestra-da-escritora-cubana-zuleica-romay","status":"publish","type":"post","link":"https:\/\/jornaldeitaipava.com.br\/index.php\/2024\/05\/15\/centro-cultural-sesc-quitandinha-recebe-palestra-da-escritora-cubana-zuleica-romay\/","title":{"rendered":"Centro Cultural Sesc Quitandinha recebe palestra da escritora cubana Zuleica Romay"},"content":{"rendered":"\n<p class=\"has-text-align-center\"><strong>Confer\u00eancia vai abordar a escravid\u00e3o em Cuba. Evento integra a programa\u00e7\u00e3o da exposi\u00e7\u00e3o \u201cDos Brasis\u201d. Entrada gratuita<\/strong><\/p>\n\n\n\n<p>O Centro Cultural Sesc Quitandinha (CCSQ), em Petr\u00f3polis, vai receber na pr\u00f3xima sexta-feira (17\/5), \u00e0s 15h, uma confer\u00eancia com a escritora cubana Zuleica Romay. A palestra integra a programa\u00e7\u00e3o da exposi\u00e7\u00e3o \u201cDos Brasis \u2013 Arte e Pensamento Negro\u201d, que est\u00e1 em exibi\u00e7\u00e3o na unidade desde o in\u00edcio deste m\u00eas. A entrada \u00e9 gratuita (sujeita a lota\u00e7\u00e3o).<br>No encontro, Zuleika vai abordar a mem\u00f3ria hist\u00f3rica cubana sobre a escravid\u00e3o. Para compreender as formas como a sociedade atual interpreta o seu passado escravista e avaliar em que medida as pol\u00edticas de Estado t\u00eam em conta os consensos, dissid\u00eancias e contradi\u00e7\u00f5es dessa mem\u00f3ria. A pesquisadora comentar\u00e1 algumas obras acad\u00eamicas, liter\u00e1rias e cinematogr\u00e1ficas produzidas entre 1961 e 2022.<br>Premiada por investigar a presen\u00e7a negra nas Am\u00e9ricas e no Caribe, por seus livros \u201cElogio de Altea ou os paradoxos da racialidade\u201d e \u201cCepos de la memoria\u201d, Zuleica Romay \u00e9 diretora do Programa de Estudos Afro-Americanos da Casa de las Americas, em Havana. Tamb\u00e9m integra a Uni\u00e3o de Escritores e Artistas de Cuba (UNEAC) e do Comit\u00ea Cubano da Rota dos Escravos, bem como da LASA e CLACSO.<\/p>\n\n\n\n<p><strong>Exposi\u00e7\u00e3o \u201cDos Brasis\u201d pode ser vista at\u00e9 27 de outubro<br><\/strong>A mais abrangente mostra dedicada exclusivamente \u00e0 produ\u00e7\u00e3o de artistas negros do pa\u00eds, a exposi\u00e7\u00e3o \u201cDos Brasis: arte e pensamento negro\u201d pode ser vista no Quitandinha at\u00e9 27 de outubro. A coletiva re\u00fane 384 obras de 241 artistas, expostas nos sal\u00f5es da \u00e1rea monumental do hist\u00f3rico edif\u00edcio, que em 2024 completou 80 anos. Parte dos trabalhos, alguns in\u00e9ditos, tamb\u00e9m s\u00e3o exibidos pela primeira vez na \u00e1rea externa do pr\u00e9dio.<br>Sob curadoria de Igor Sim\u00f5es, em parceria com Lorraine Mendes e Marcelo Campos, a mostra \u00e9 resultado de um trabalho desenvolvido pelo Departamento Nacional do Sesc, em todo o pa\u00eds. A exposi\u00e7\u00e3o conta com sete n\u00facleos tem\u00e1ticos e apresenta obras em diversas linguagens art\u00edsticas, como pintura, fotografia, escultura, instala\u00e7\u00f5es e videoinstala\u00e7\u00f5es, produzidas desde o fim do s\u00e9culo XVIII at\u00e9 o s\u00e9culo XXI.<\/p>\n\n\n\n<p><strong>SERVI\u00c7O<br>Palestra com Zuleica Romay<\/strong> \u2013 \u201c<strong>Escravid\u00e3o em Cuba <\/strong>&#8211;<strong> Mem\u00f3ria e repara\u00e7\u00e3o vs. esquecimento hist\u00f3rico\u201d<\/strong><br>Data: 17\/5, \u00e0s 15h<br>Centro Cultural Sesc Quitandinha (Avenida Joaquim Rolla, 2 &#8211; Quitandinha, Petr\u00f3polis)<br>Entrada gratuita. Sujeita a lota\u00e7\u00e3o<\/p>\n\n\n\n<p><strong>Exposi\u00e7\u00e3o \u201cDos Brasis \u2013 Arte e Pensamento Negro\u201d<\/strong><br>Visita\u00e7\u00e3o: at\u00e9 27 de outubro de 2024<br>Ter\u00e7as a domingos e feriados, das 10h \u00e0s 17h<br>Entrada gratuita<\/p>\n","protected":false},"excerpt":{"rendered":"<p>Confer\u00eancia vai abordar a escravid\u00e3o em Cuba. Evento integra a programa\u00e7\u00e3o da exposi\u00e7\u00e3o \u201cDos Brasis\u201d.<\/p>\n","protected":false},"author":1,"featured_media":39810,"comment_status":"closed","ping_status":"open","sticky":false,"template":"","format":"standard","meta":{"spay_email":"","footnotes":"","jetpack_publicize_message":""},"categories":[1],"tags":[],"jetpack_featured_media_url":"https:\/\/i2.wp.com\/jornaldeitaipava.com.br\/wp-content\/uploads\/2024\/05\/Zuleica-Romay_Divulgacao.jpg?fit=1280%2C960&ssl=1","jetpack_publicize_connections":[],"jetpack_sharing_enabled":true,"jetpack_likes_enabled":true,"jetpack-related-posts":[],"_links":{"self":[{"href":"https:\/\/jornaldeitaipava.com.br\/index.php\/wp-json\/wp\/v2\/posts\/39809"}],"collection":[{"href":"https:\/\/jornaldeitaipava.com.br\/index.php\/wp-json\/wp\/v2\/posts"}],"about":[{"href":"https:\/\/jornaldeitaipava.com.br\/index.php\/wp-json\/wp\/v2\/types\/post"}],"author":[{"embeddable":true,"href":"https:\/\/jornaldeitaipava.com.br\/index.php\/wp-json\/wp\/v2\/users\/1"}],"replies":[{"embeddable":true,"href":"https:\/\/jornaldeitaipava.com.br\/index.php\/wp-json\/wp\/v2\/comments?post=39809"}],"version-history":[{"count":1,"href":"https:\/\/jornaldeitaipava.com.br\/index.php\/wp-json\/wp\/v2\/posts\/39809\/revisions"}],"predecessor-version":[{"id":39811,"href":"https:\/\/jornaldeitaipava.com.br\/index.php\/wp-json\/wp\/v2\/posts\/39809\/revisions\/39811"}],"wp:featuredmedia":[{"embeddable":true,"href":"https:\/\/jornaldeitaipava.com.br\/index.php\/wp-json\/wp\/v2\/media\/39810"}],"wp:attachment":[{"href":"https:\/\/jornaldeitaipava.com.br\/index.php\/wp-json\/wp\/v2\/media?parent=39809"}],"wp:term":[{"taxonomy":"category","embeddable":true,"href":"https:\/\/jornaldeitaipava.com.br\/index.php\/wp-json\/wp\/v2\/categories?post=39809"},{"taxonomy":"post_tag","embeddable":true,"href":"https:\/\/jornaldeitaipava.com.br\/index.php\/wp-json\/wp\/v2\/tags?post=39809"}],"curies":[{"name":"wp","href":"https:\/\/api.w.org\/{rel}","templated":true}]}}