{"id":39817,"date":"2024-05-15T10:23:07","date_gmt":"2024-05-15T13:23:07","guid":{"rendered":"http:\/\/jornaldeitaipava.com.br\/?p=39817"},"modified":"2024-05-15T10:23:09","modified_gmt":"2024-05-15T13:23:09","slug":"vacinacao-itinerante-contra-influenza-chega-aos-terminais-rodoviarios-da-cidade","status":"publish","type":"post","link":"https:\/\/jornaldeitaipava.com.br\/index.php\/2024\/05\/15\/vacinacao-itinerante-contra-influenza-chega-aos-terminais-rodoviarios-da-cidade\/","title":{"rendered":"Vacina\u00e7\u00e3o Itinerante Contra Influenza chega aos Terminais Rodovi\u00e1rios da Cidade"},"content":{"rendered":"\n<p>Mais de 300 doses da vacina contra a influenza j\u00e1 foram aplicadas na Vacina\u00e7\u00e3o Itinerante promovida pela Prefeitura, em uma iniciativa que visa ampliar o acesso \u00e0 imuniza\u00e7\u00e3o na cidade. Ao todo, foram contabilizadas 316 doses aplicadas at\u00e9 o momento.<br>&#8220;Nossa inten\u00e7\u00e3o \u00e9 levar a vacina\u00e7\u00e3o at\u00e9 as pessoas, facilitando o acesso e garantindo a prote\u00e7\u00e3o contra a influenza&#8221;, destaca o prefeito Rubens Bomtempo.<br>A a\u00e7\u00e3o tem percorrido os terminais rodovi\u00e1rios e reparti\u00e7\u00f5es p\u00fablicas do munic\u00edpio, buscando atingir o maior n\u00famero poss\u00edvel de cidad\u00e3os. Nesta quarta-feira, o posto de imuniza\u00e7\u00e3o estar\u00e1 montado no Terminal Itamarati, das 16h \u00e0s 20h, oferecendo mais uma oportunidade para a popula\u00e7\u00e3o se vacinar.<br>&#8220;Estamos empenhados em garantir que todos tenham acesso \u00e0 vacina\u00e7\u00e3o contra a influenza, especialmente neste momento em que a preven\u00e7\u00e3o \u00e9 fundamental para proteger a sa\u00fade da comunidade&#8221;, ressalta o secret\u00e1rio de Sa\u00fade, Ricardo Patul\u00e9a.<\/p>\n\n\n\n<p><strong>O calend\u00e1rio da Vacina\u00e7\u00e3o Itinerante contempla tamb\u00e9m outras datas, conforme segue:<\/strong><\/p>\n\n\n\n<ul>\n<li>Terminal Centro: 15\/05, das 16h \u00e0s 20h<\/li>\n\n\n\n<li>Terminal Corr\u00eaas: 15\/05, das 16h \u00e0s 20h<\/li>\n\n\n\n<li>Terminal Itamarati: 15\/05 a 17\/05, das 16h \u00e0s 20h<\/li>\n\n\n\n<li>Terminal Bingen: 16\/05, das 16h \u00e0s 20h<\/li>\n<\/ul>\n","protected":false},"excerpt":{"rendered":"<p>Mais de 300 doses da vacina contra a influenza j\u00e1 foram aplicadas na Vacina\u00e7\u00e3o Itinerante<\/p>\n","protected":false},"author":1,"featured_media":39818,"comment_status":"closed","ping_status":"open","sticky":false,"template":"","format":"standard","meta":{"spay_email":"","footnotes":"","jetpack_publicize_message":""},"categories":[2],"tags":[],"jetpack_featured_media_url":"https:\/\/i2.wp.com\/jornaldeitaipava.com.br\/wp-content\/uploads\/2024\/05\/WhatsApp-Image-2024-05-14-at-19.35.06.jpeg?fit=1600%2C1200&ssl=1","jetpack_publicize_connections":[],"jetpack_sharing_enabled":true,"jetpack_likes_enabled":true,"jetpack-related-posts":[],"_links":{"self":[{"href":"https:\/\/jornaldeitaipava.com.br\/index.php\/wp-json\/wp\/v2\/posts\/39817"}],"collection":[{"href":"https:\/\/jornaldeitaipava.com.br\/index.php\/wp-json\/wp\/v2\/posts"}],"about":[{"href":"https:\/\/jornaldeitaipava.com.br\/index.php\/wp-json\/wp\/v2\/types\/post"}],"author":[{"embeddable":true,"href":"https:\/\/jornaldeitaipava.com.br\/index.php\/wp-json\/wp\/v2\/users\/1"}],"replies":[{"embeddable":true,"href":"https:\/\/jornaldeitaipava.com.br\/index.php\/wp-json\/wp\/v2\/comments?post=39817"}],"version-history":[{"count":1,"href":"https:\/\/jornaldeitaipava.com.br\/index.php\/wp-json\/wp\/v2\/posts\/39817\/revisions"}],"predecessor-version":[{"id":39819,"href":"https:\/\/jornaldeitaipava.com.br\/index.php\/wp-json\/wp\/v2\/posts\/39817\/revisions\/39819"}],"wp:featuredmedia":[{"embeddable":true,"href":"https:\/\/jornaldeitaipava.com.br\/index.php\/wp-json\/wp\/v2\/media\/39818"}],"wp:attachment":[{"href":"https:\/\/jornaldeitaipava.com.br\/index.php\/wp-json\/wp\/v2\/media?parent=39817"}],"wp:term":[{"taxonomy":"category","embeddable":true,"href":"https:\/\/jornaldeitaipava.com.br\/index.php\/wp-json\/wp\/v2\/categories?post=39817"},{"taxonomy":"post_tag","embeddable":true,"href":"https:\/\/jornaldeitaipava.com.br\/index.php\/wp-json\/wp\/v2\/tags?post=39817"}],"curies":[{"name":"wp","href":"https:\/\/api.w.org\/{rel}","templated":true}]}}