{"id":39821,"date":"2024-05-15T12:15:05","date_gmt":"2024-05-15T15:15:05","guid":{"rendered":"http:\/\/jornaldeitaipava.com.br\/?p=39821"},"modified":"2024-05-15T12:15:08","modified_gmt":"2024-05-15T15:15:08","slug":"edicao-do-arraia-do-amor-promete-dobro-do-tamanho-e-celebracao-ao-forro-a-partir-do-dia-30","status":"publish","type":"post","link":"https:\/\/jornaldeitaipava.com.br\/index.php\/2024\/05\/15\/edicao-do-arraia-do-amor-promete-dobro-do-tamanho-e-celebracao-ao-forro-a-partir-do-dia-30\/","title":{"rendered":"Edi\u00e7\u00e3o do Arrai\u00e1 do Amor promete dobro do tamanho e celebra\u00e7\u00e3o ao forr\u00f3 a partir do dia 30"},"content":{"rendered":"\n<p class=\"has-text-align-center\"><strong>Apresenta\u00e7\u00f5es de quadrilha e dan\u00e7arinos profissionais v\u00e3o deixar a festa ainda mais animada<\/strong><\/p>\n\n\n\n<p>A edi\u00e7\u00e3o 2024 do Arrai\u00e1 do Amor promete ser ainda maior que a do ano anterior. Com o dobro do tamanho e do n\u00famero de expositores, a festa que come\u00e7a no pr\u00f3ximo dia 30 de maio e abre a programa\u00e7\u00e3o de festas juninas em Petr\u00f3polis, vai contar com uma infraestrutura in\u00e9dita e uma programa\u00e7\u00e3o com quadrilhas e at\u00e9 dan\u00e7arinos de forr\u00f3 profissionais para animar o p\u00fablico. O evento acontece no Parque Municipal de Itaipava e tem entrada franca.<br>A proposta cenogr\u00e1fica do evento trar\u00e1 elementos tradicionais, como igrejinha, barraca do beijo, lojinha t\u00edpica e correio do amor. As brincadeiras tamb\u00e9m n\u00e3o ficam de fora, como arremesso de argola, boca do palha\u00e7o e pescaria. Haver\u00e1, ainda, brinquedos infl\u00e1veis gigantes, que foram sucesso no ano passado, e estar\u00e3o de volta.<br>\u201cA experi\u00eancia da primeira edi\u00e7\u00e3o comprovou o carinho do p\u00fablico pelas festas juninas. Foram quatro dias com o Parque lotado. Para este ano, nosso objetivo \u00e9 superar as expectativas dos visitantes trazendo surpresas ao longo da festa, com uma cenografia que remete, em cada detalhe, a esta tradi\u00e7\u00e3o. E, para garantir que ainda mais pessoas possam aproveitar a festa, teremos dois fins de semana, incluindo o feriado prolongado de Corpus Christi\u201d, explica Renato Duarte, um dos organizadores da Cool Produ\u00e7\u00f5es.<br>Ao longo de sete dias de festa, os visitantes poder\u00e3o desfrutar de uma infraestrutura ampliada, garantindo mais conforto e divers\u00e3o para toda a fam\u00edlia. Al\u00e9m das tradicionais barracas com comidas t\u00edpicas, como canjica, pamonha, caldos diversos e quent\u00e3o, a amplia\u00e7\u00e3o da estrutura e o n\u00famero maior de expositores prometem um card\u00e1pio ainda mais variado, para agradar a todos os p\u00fablicos.<br>A programa\u00e7\u00e3o musical promete levar a for\u00e7a da diversidade da m\u00fasica brasileira em repert\u00f3rios exclusivos e contagiantes com muito xote, bai\u00e3o e, claro, o melhor do forr\u00f3. As quadrilhas devem dar um show \u00e0 parte, com apresenta\u00e7\u00f5es di\u00e1rias.<br>\u201cQueremos que as pessoas venham caracterizadas e aproveitem as atra\u00e7\u00f5es e as surpresas que a festa ter\u00e1. \u00c9 um evento para toda a fam\u00edlia e at\u00e9 os pets s\u00e3o bem-vindos. O Arrai\u00e1 est\u00e1 se consolidando e promete ser ainda mais vibrante e divertido para comemorar nossas tradi\u00e7\u00f5es e a alegria da nossa popula\u00e7\u00e3o\u201d, destaca o tamb\u00e9m organizador, Antonio Nassif.<br>O Arrai\u00e1 do Amor acontece nos dias 30 e 31 de maio e 01, 02, 07, 08 e 09 de junho, no Parque Municipal Prefeito Paulo Rattes, localizado \u00e0 Estrada Uni\u00e3o e Ind\u00fastria, 10.000, em Itaipava. O evento conta com estacionamento dentro do parque, a R$ 20 a di\u00e1ria. Novidades podem ser conferidas no @arraiadoamor.itaipava,<\/p>\n\n\n\n<p><strong>Servi\u00e7o<br><\/strong>Evento: Arrai\u00e1 do Amor<br>Data: 30 e 31 de maio e 01, 02, 07, 08 e 09 de junho<br>Hor\u00e1rio: No primeiro fim de semana, das 11h \u00e0s 0h, no segundo fim de semana, sexta das 16h \u00e0s 0h e no s\u00e1bado e domingo, das 11h \u00e0s 0h<br>Local: Parque Municipal Prefeito Paulo Rattes \u2013 Estrada Uni\u00e3o e Ind\u00fastria, 10.000 \u2013 Itaipava, Petr\u00f3polis (RJ).<br>Entrada gratuita<br>Estacionamento dentro do Parque a di\u00e1ria R$ 20<br>Mantenha-se por dentro no Instagram @arraiadoamor.itaipava<\/p>\n","protected":false},"excerpt":{"rendered":"<p>Apresenta\u00e7\u00f5es de quadrilha e dan\u00e7arinos profissionais v\u00e3o deixar a festa ainda mais animada A edi\u00e7\u00e3o<\/p>\n","protected":false},"author":1,"featured_media":39822,"comment_status":"closed","ping_status":"open","sticky":false,"template":"","format":"standard","meta":{"spay_email":"","footnotes":"","jetpack_publicize_message":""},"categories":[42],"tags":[],"jetpack_featured_media_url":"https:\/\/i2.wp.com\/jornaldeitaipava.com.br\/wp-content\/uploads\/2024\/05\/Arraia-14.jpeg?fit=1024%2C768&ssl=1","jetpack_publicize_connections":[],"jetpack_sharing_enabled":true,"jetpack_likes_enabled":true,"jetpack-related-posts":[],"_links":{"self":[{"href":"https:\/\/jornaldeitaipava.com.br\/index.php\/wp-json\/wp\/v2\/posts\/39821"}],"collection":[{"href":"https:\/\/jornaldeitaipava.com.br\/index.php\/wp-json\/wp\/v2\/posts"}],"about":[{"href":"https:\/\/jornaldeitaipava.com.br\/index.php\/wp-json\/wp\/v2\/types\/post"}],"author":[{"embeddable":true,"href":"https:\/\/jornaldeitaipava.com.br\/index.php\/wp-json\/wp\/v2\/users\/1"}],"replies":[{"embeddable":true,"href":"https:\/\/jornaldeitaipava.com.br\/index.php\/wp-json\/wp\/v2\/comments?post=39821"}],"version-history":[{"count":1,"href":"https:\/\/jornaldeitaipava.com.br\/index.php\/wp-json\/wp\/v2\/posts\/39821\/revisions"}],"predecessor-version":[{"id":39823,"href":"https:\/\/jornaldeitaipava.com.br\/index.php\/wp-json\/wp\/v2\/posts\/39821\/revisions\/39823"}],"wp:featuredmedia":[{"embeddable":true,"href":"https:\/\/jornaldeitaipava.com.br\/index.php\/wp-json\/wp\/v2\/media\/39822"}],"wp:attachment":[{"href":"https:\/\/jornaldeitaipava.com.br\/index.php\/wp-json\/wp\/v2\/media?parent=39821"}],"wp:term":[{"taxonomy":"category","embeddable":true,"href":"https:\/\/jornaldeitaipava.com.br\/index.php\/wp-json\/wp\/v2\/categories?post=39821"},{"taxonomy":"post_tag","embeddable":true,"href":"https:\/\/jornaldeitaipava.com.br\/index.php\/wp-json\/wp\/v2\/tags?post=39821"}],"curies":[{"name":"wp","href":"https:\/\/api.w.org\/{rel}","templated":true}]}}