{"id":39824,"date":"2024-05-15T12:22:18","date_gmt":"2024-05-15T15:22:18","guid":{"rendered":"http:\/\/jornaldeitaipava.com.br\/?p=39824"},"modified":"2024-05-15T12:22:22","modified_gmt":"2024-05-15T15:22:22","slug":"titulo-de-suica-brasileira-a-nova-friburgo-vai-a-sancao","status":"publish","type":"post","link":"https:\/\/jornaldeitaipava.com.br\/index.php\/2024\/05\/15\/titulo-de-suica-brasileira-a-nova-friburgo-vai-a-sancao\/","title":{"rendered":"T\u00edtulo de \u2018Su\u00ed\u00e7a Brasileira\u2019 a Nova Friburgo vai \u00e0 san\u00e7\u00e3o"},"content":{"rendered":"\n<p>A Comiss\u00e3o de Educa\u00e7\u00e3o e Cultura (CE) aprovou nesta ter\u00e7a-feira (14) projeto de lei que concede ao munic\u00edpio de Nova Friburgo, no Rio de Janeiro, o t\u00edtulo de &#8220;Su\u00ed\u00e7a Brasileira&#8221;. O munic\u00edpio nasceu no contexto da imigra\u00e7\u00e3o su\u00ed\u00e7a para o Brasil, no s\u00e9culo 19.<br>O PL 6.207\/2023, da C\u00e2mara dos Deputados, recebeu relat\u00f3rio favor\u00e1vel do senador Rom\u00e1rio (PL-RJ), e segue para san\u00e7\u00e3o presidencial, salvo se houver recurso para an\u00e1lise em Plen\u00e1rio.\u00a0<br>Como justificativa, o autor, deputado\u00a0S\u00f3stenes Cavalcante (PL-RJ),\u00a0ressaltou o incentivo ao turismo e o reconhecimento da identidade cultural local do munic\u00edpio com a sua hist\u00f3ria.\u00a0<br>Para o relator, o projeto \u00e9 pertinente e se justifica pela funda\u00e7\u00e3o da Col\u00f4nia de Nova Friburgo, considerada o marco inicial da imigra\u00e7\u00e3o su\u00ed\u00e7a no Brasil.\u00a0<br>&#8220;Os primeiros imigrantes sui\u0301c\u0327os chegaram entre 1819 e 1820 e se instalaram na regia\u0303o, localidade de clima ameno e paisagens montanhosas que lembrava o ambiente alpino do pai\u0301s europeu. Em homenagem ao Canta\u0303o de Friburgo, de onde quase metade dos colonos era origina\u0301ria, foi atribui\u0301do o nome de Nova Friburgo a\u0300 sede da povoa\u00e7\u00e3o&#8221;, destacou o relator.<br>Rom\u00e1rio tamb\u00e9m afirmou que a cidade mant\u00e9m viva a cultura e tradi\u00e7\u00f5es de seus fundadores por meio de festivais gastron\u00f4micos e feiras, al\u00e9m de a legisla\u00e7\u00e3o estadual j\u00e1 ter conferido t\u00edtulo semelhante \u00e0 cidade desde 2017.\u00a0<\/p>\n\n\n\n<p>Da Ag\u00eancia Senado<\/p>\n","protected":false},"excerpt":{"rendered":"<p>A Comiss\u00e3o de Educa\u00e7\u00e3o e Cultura (CE) aprovou nesta ter\u00e7a-feira (14) projeto de lei que<\/p>\n","protected":false},"author":1,"featured_media":12937,"comment_status":"closed","ping_status":"open","sticky":false,"template":"","format":"standard","meta":{"spay_email":"","footnotes":"","jetpack_publicize_message":""},"categories":[5],"tags":[],"jetpack_featured_media_url":"https:\/\/i1.wp.com\/jornaldeitaipava.com.br\/wp-content\/uploads\/2021\/04\/FRIBURGO.jpg?fit=543%2C344&ssl=1","jetpack_publicize_connections":[],"jetpack_sharing_enabled":true,"jetpack_likes_enabled":true,"jetpack-related-posts":[],"_links":{"self":[{"href":"https:\/\/jornaldeitaipava.com.br\/index.php\/wp-json\/wp\/v2\/posts\/39824"}],"collection":[{"href":"https:\/\/jornaldeitaipava.com.br\/index.php\/wp-json\/wp\/v2\/posts"}],"about":[{"href":"https:\/\/jornaldeitaipava.com.br\/index.php\/wp-json\/wp\/v2\/types\/post"}],"author":[{"embeddable":true,"href":"https:\/\/jornaldeitaipava.com.br\/index.php\/wp-json\/wp\/v2\/users\/1"}],"replies":[{"embeddable":true,"href":"https:\/\/jornaldeitaipava.com.br\/index.php\/wp-json\/wp\/v2\/comments?post=39824"}],"version-history":[{"count":1,"href":"https:\/\/jornaldeitaipava.com.br\/index.php\/wp-json\/wp\/v2\/posts\/39824\/revisions"}],"predecessor-version":[{"id":39825,"href":"https:\/\/jornaldeitaipava.com.br\/index.php\/wp-json\/wp\/v2\/posts\/39824\/revisions\/39825"}],"wp:featuredmedia":[{"embeddable":true,"href":"https:\/\/jornaldeitaipava.com.br\/index.php\/wp-json\/wp\/v2\/media\/12937"}],"wp:attachment":[{"href":"https:\/\/jornaldeitaipava.com.br\/index.php\/wp-json\/wp\/v2\/media?parent=39824"}],"wp:term":[{"taxonomy":"category","embeddable":true,"href":"https:\/\/jornaldeitaipava.com.br\/index.php\/wp-json\/wp\/v2\/categories?post=39824"},{"taxonomy":"post_tag","embeddable":true,"href":"https:\/\/jornaldeitaipava.com.br\/index.php\/wp-json\/wp\/v2\/tags?post=39824"}],"curies":[{"name":"wp","href":"https:\/\/api.w.org\/{rel}","templated":true}]}}