{"id":39826,"date":"2024-05-15T21:56:19","date_gmt":"2024-05-16T00:56:19","guid":{"rendered":"http:\/\/jornaldeitaipava.com.br\/?p=39826"},"modified":"2024-05-15T21:56:23","modified_gmt":"2024-05-16T00:56:23","slug":"prefeitura-proibe-viacao-cascatinha-de-operar-a-partir-desta-quinta-feira","status":"publish","type":"post","link":"https:\/\/jornaldeitaipava.com.br\/index.php\/2024\/05\/15\/prefeitura-proibe-viacao-cascatinha-de-operar-a-partir-desta-quinta-feira\/","title":{"rendered":"Prefeitura pro\u00edbe Via\u00e7\u00e3o Cascatinha de operar a partir desta quinta-feira"},"content":{"rendered":"\n<p>A Prefeitura de Petr\u00f3polis anunciou nesta quarta-feira (15), que est\u00e1 decretando a caducidade e anula\u00e7\u00e3o do contrato com a Via\u00e7\u00e3o Cascatinha. Com isso, a empresa deixa de operar na cidade a partir da zero hora desta quinta-feira (16). As linhas ser\u00e3o assumidas por outras empresas do sistema de transportes do munic\u00edpio at\u00e9 o fim do processo licitat\u00f3rio.<\/p>\n\n\n\n<p>A Prefeitura decidiu decretar a caducidade e anula\u00e7\u00e3o do contrato. Isso acontece devido \u00e0 inviabilidade de opera\u00e7\u00e3o da empresa, algo que pode ser constatado pelos altos \u00edndices de acidentes e ve\u00edculos quebrados nas ruas. Somente nos quatro primeiros meses do ano, a Companhia Petropolitana de Tr\u00e2nsito e Transportes (CPTrans) emitiu 78 autos de infra\u00e7\u00e3o, 34 exig\u00eancias e oito notifica\u00e7\u00f5es contra a Via\u00e7\u00e3o Cascatinha. A principal irregularidade \u00e9 n\u00e3o manter os ve\u00edculos em estado adequado de funcionamento e conserva\u00e7\u00e3o.<\/p>\n\n\n\n<p>O an\u00fancio da interven\u00e7\u00e3o foi feito pelo prefeito Rubens Bomtempo a l\u00edderes comunit\u00e1rios. \u201cA crise na via\u00e7\u00e3o Cascatinha come\u00e7ou ainda antes da pandemia, em 2019, e foi acentuada ap\u00f3s esse per\u00edodo. Quando assumimos o governo, em janeiro de 2022, a situa\u00e7\u00e3o j\u00e1 era cr\u00edtica, e foi agravada com as cat\u00e1strofes de fevereiro e mar\u00e7o daquele ano, que atingiram a garagem da empresa, tirando ve\u00edculos de circula\u00e7\u00e3o. Retiramos a Cascatinha da regi\u00e3o do Carangola, at\u00e9 para que ela pudesse concentrar esfor\u00e7os nas outras \u00e1reas, e oferecemos todas as condi\u00e7\u00f5es para que a empresa pudesse se recuperar, como o pagamento do vale-educa\u00e7\u00e3o, algo acordado e n\u00e3o cumprido pela gest\u00e3o anterior. No entanto, n\u00e3o percebemos sinal de melhora. Ao contr\u00e1rio. A situa\u00e7\u00e3o s\u00f3 piorou\u201d, disse o prefeito.<\/p>\n\n\n\n<p>Bomtempo lembrou, ainda, que, h\u00e1 um ano, um inc\u00eandio na garagem das empresas Cascatinha e Petro Ita retirou boa parte da frota de circula\u00e7\u00e3o. Em paralelo, a atual gest\u00e3o preparou e deu andamento \u00e0 licita\u00e7\u00e3o das linhas da Via\u00e7\u00e3o Cascatinha \u2013 que, no entanto, foi suspensa por prazo indeterminado por decis\u00e3o do Tribunal de Contas. \u201cRespeitamos a decis\u00e3o e estamos buscando uma solu\u00e7\u00e3o com responsabilidade e seguran\u00e7a jur\u00eddica. No entanto, n\u00e3o podemos mais esperar. Transporte p\u00fablico n\u00e3o pode significar risco para os usu\u00e1rios e rodovi\u00e1rios, e n\u00e3o iremos permitir isso\u201d, destacou o prefeito.<\/p>\n\n\n\n<p><strong>Como fica o transporte nas regi\u00f5es atendidas pela Cascatinha<\/strong><\/p>\n\n\n\n<p>Com a interven\u00e7\u00e3o administrativa na Via\u00e7\u00e3o Cascatinha, a empresa deixa de operar j\u00e1 na quinta-feira (16). Neste momento \u2013 e at\u00e9 que a licita\u00e7\u00e3o seja conclu\u00edda \u2013 as linhas ser\u00e3o operadas por outras empresas que j\u00e1 atuam no sistema de transporte coletivo de Petr\u00f3polis.<\/p>\n\n\n\n<p>A Cidade das Hort\u00eansias ir\u00e1 assumir as linhas da Estrada da Saudade (Boa Vista; Noturno Boa Vista; Alto Boa Vista; Ventura; Fragoso; Monte Florido; Luiz Pelegrini; Veridiano F\u00e9lix e Montese).<\/p>\n\n\n\n<p>Os ve\u00edculos do Florido, Ventura, F\u00e9lix, Alto Boa Vista, Pelegrini e Montese v\u00e3o operar no sistema \u201csobe-e-desce\u201d. Ou seja: o passageiro \u00e9 levado at\u00e9 o corredor principal para, ent\u00e3o, poder utilizar o \u00f4nibus troncal. Todas as linhas ser\u00e3o integradas com cart\u00e3o Riocard e o usu\u00e1rio seguir\u00e1 pagando apenas uma passagem. Para atender melhor os passageiros destas localidades, ser\u00e1 criada a linha 380 \u2013 Estrada da Saudade x Centro, passando por todo o corredor.<\/p>\n\n\n\n<p>J\u00e1 as linhas do corredor do Quarteir\u00e3o Brasileiro e Retiro ser\u00e3o atendidas pela Turp. S\u00e3o elas: Quarteir\u00e3o Brasileiro; At\u00edlio Marotti; Max Manoel Molter; Jo\u00e3o de Deus; Neylor; Alem\u00e3o; Alto Comunidade do Alem\u00e3o; Jardim Salvador; Roseiral; Comunidade S\u00e3o Luiz.<\/p>\n\n\n\n<p><strong>Rodovi\u00e1rios<\/strong><\/p>\n\n\n\n<p>Com rela\u00e7\u00e3o \u00e0 situa\u00e7\u00e3o dos rodovi\u00e1rios, as empresas est\u00e3o autorizadas a contratar os profissionais que hoje prestam servi\u00e7o para a via\u00e7\u00e3o Cascatinha. Estes funcion\u00e1rios ter\u00e3o fundo de garantia e direitos trabalhistas depositados imediatamente &#8211; o que n\u00e3o acontece hoje com a Via\u00e7\u00e3o Cascatinha.<\/p>\n\n\n\n<p>Os valores referentes aos direitos trabalhistas est\u00e3o assegurados pelo valor da outorga que ser\u00e1 pago pela empresa que vencer a licita\u00e7\u00e3o, quando o processo for conclu\u00eddo.<\/p>\n\n\n\n<p><strong>Mudan\u00e7a no n\u00famero das linhas<\/strong><\/p>\n\n\n\n<p>Com a altera\u00e7\u00e3o, o n\u00famero das linhas tamb\u00e9m vai mudar. Saiba como vai funcionar:<\/p>\n\n\n\n<p>380 &#8211; Estrada da Saudade &#8211; Centro (nova linha)<br>326 &#8211; Boa Vista (antiga 511)<br>327 &#8211; Comunidade do Ventura (antiga 517)<br>328 &#8211; Fragoso (antiga 520)<br>329 &#8211; Monte Florido (antiga 521)<br>331 &#8211; Luiz Pelegrini (antiga 522)<br>332 &#8211; Alto Boa Vista (antiga 523)<br>333 &#8211; Veridiano F\u00e9lix (antiga 524)<br>334 &#8211; Montese (antiga 527)<br>399 &#8211; Noturno &#8211; Boa Vista (antiga 599)<\/p>\n\n\n\n<p>630 &#8211; Jardim Salvador (antiga 515)<br>631 &#8211; Roseiral (antiga 516)<\/p>\n\n\n\n<p>632 &#8211; Comunidade S\u00e3o Luiz (antiga 502)<br>633 &#8211; Comunidade do Neylor (antiga 525)<br>634 &#8211; Vale dos Esquilos (antiga 510)<br>636 &#8211; Alto Comunidade do Alem\u00e3o (antiga 528)<br>637 &#8211; At\u00edlio Marotti (antiga 518)<br>638 &#8211; Quarteir\u00e3o Brasileiro (antiga 512)<br>639 &#8211; Max Manoel Molter (antiga 508)<br>641 &#8211; Jo\u00e3o de Deus (antiga 507)<br>697 &#8211; Noturno &#8211; Vale dos Esquilos \/ At\u00edlio Maroti (nova linha)<\/p>\n","protected":false},"excerpt":{"rendered":"<p>A Prefeitura de Petr\u00f3polis anunciou nesta quarta-feira (15), que est\u00e1 decretando a caducidade e anula\u00e7\u00e3o<\/p>\n","protected":false},"author":1,"featured_media":27186,"comment_status":"closed","ping_status":"open","sticky":false,"template":"","format":"standard","meta":{"spay_email":"","footnotes":"","jetpack_publicize_message":""},"categories":[24],"tags":[],"jetpack_featured_media_url":"https:\/\/i0.wp.com\/jornaldeitaipava.com.br\/wp-content\/uploads\/2022\/04\/CASCATINHA.jpg?fit=600%2C337&ssl=1","jetpack_publicize_connections":[],"jetpack_sharing_enabled":true,"jetpack_likes_enabled":true,"jetpack-related-posts":[],"_links":{"self":[{"href":"https:\/\/jornaldeitaipava.com.br\/index.php\/wp-json\/wp\/v2\/posts\/39826"}],"collection":[{"href":"https:\/\/jornaldeitaipava.com.br\/index.php\/wp-json\/wp\/v2\/posts"}],"about":[{"href":"https:\/\/jornaldeitaipava.com.br\/index.php\/wp-json\/wp\/v2\/types\/post"}],"author":[{"embeddable":true,"href":"https:\/\/jornaldeitaipava.com.br\/index.php\/wp-json\/wp\/v2\/users\/1"}],"replies":[{"embeddable":true,"href":"https:\/\/jornaldeitaipava.com.br\/index.php\/wp-json\/wp\/v2\/comments?post=39826"}],"version-history":[{"count":1,"href":"https:\/\/jornaldeitaipava.com.br\/index.php\/wp-json\/wp\/v2\/posts\/39826\/revisions"}],"predecessor-version":[{"id":39827,"href":"https:\/\/jornaldeitaipava.com.br\/index.php\/wp-json\/wp\/v2\/posts\/39826\/revisions\/39827"}],"wp:featuredmedia":[{"embeddable":true,"href":"https:\/\/jornaldeitaipava.com.br\/index.php\/wp-json\/wp\/v2\/media\/27186"}],"wp:attachment":[{"href":"https:\/\/jornaldeitaipava.com.br\/index.php\/wp-json\/wp\/v2\/media?parent=39826"}],"wp:term":[{"taxonomy":"category","embeddable":true,"href":"https:\/\/jornaldeitaipava.com.br\/index.php\/wp-json\/wp\/v2\/categories?post=39826"},{"taxonomy":"post_tag","embeddable":true,"href":"https:\/\/jornaldeitaipava.com.br\/index.php\/wp-json\/wp\/v2\/tags?post=39826"}],"curies":[{"name":"wp","href":"https:\/\/api.w.org\/{rel}","templated":true}]}}