{"id":39839,"date":"2024-05-16T10:19:59","date_gmt":"2024-05-16T13:19:59","guid":{"rendered":"http:\/\/jornaldeitaipava.com.br\/?p=39839"},"modified":"2024-05-16T10:20:03","modified_gmt":"2024-05-16T13:20:03","slug":"cbf-suspende-duas-rodadas-do-brasileirao-por-causa-de-catastrofe-no-rs","status":"publish","type":"post","link":"https:\/\/jornaldeitaipava.com.br\/index.php\/2024\/05\/16\/cbf-suspende-duas-rodadas-do-brasileirao-por-causa-de-catastrofe-no-rs\/","title":{"rendered":"CBF suspende duas rodadas do Brasileir\u00e3o por causa de cat\u00e1strofe no RS"},"content":{"rendered":"\n<p>A Confedera\u00e7\u00e3o Brasileira de Futebol (CBF) anunciou a suspens\u00e3o das 7\u00ba e 8\u00ba rodadas da S\u00e9rie A do Campeonato Brasileiro, o Brasileir\u00e3o, por causa das enchentes que atingem o Rio Grande do Sul. Os jogos estavam marcados para os dois pr\u00f3ximos finais de semana. O per\u00edodo de suspens\u00e3o &#8211; de 19 a 27 de maio &#8211; coincide com o anunciado pela CBF na semana passada, que contemplava apenas partidas de times ga\u00fachos (feminino e masculino) em todos os campeonatos nacionais.<br>A medida foi tomada ap\u00f3s a entidade receber pedido de 15 dos 20 times que participam da competi\u00e7\u00e3o e da Federa\u00e7\u00e3o Ga\u00facha de Futebol.<br>Os clubes que apresentaram a solicita\u00e7\u00e3o foram: Atl\u00e9tico Goianiense, Atl\u00e9tico Mineiro, Athletico Paranaense, Crici\u00fama, Cruzeiro, Cuiab\u00e1, Bahia, Juventude, Vit\u00f3ria, Fluminense, Fortaleza, Gr\u00eamio, Botafogo, Sport Club e Vasco da Gama.<br>Segundo a entidade, cinco clubes foram contra a paralisa\u00e7\u00e3o da S\u00e9rie A nas rodadas 7 e 8: Flamengo, Palmeiras, Corinthians, S\u00e3o Paulo e Bragantino.<br>A entidade afirma ainda que o Conselho Conselho T\u00e9cnico Extraordin\u00e1rio da S\u00e9rie A se reunir\u00e1 no dia dia 27 de maio. Entre as quest\u00f5es serem debatidas, est\u00e3o a delibera\u00e7\u00e3o de aspectos t\u00e9cnicos das competi\u00e7\u00f5es bem como a situa\u00e7\u00e3o de registro e transfer\u00eancia de atletas.<br>Na \u00faltima sexta (10), o Minist\u00e9rio do Esporte j\u00e1 tinha feito um pedido formal \u00e0 CBF pelo adiamento do Campeonato Brasileiro, em raz\u00e3o das enchentes que assolam o estado ga\u00facho desde o final de abril. Na solicita\u00e7\u00e3o, o minist\u00e9rio cita o fato de o Rio Grande do Sul enfrentar uma \u201ctrag\u00e9dia\u201d que mobiliza todo o pa\u00eds, que est\u00e1 \u201cenvolvido no apoio aos jogadores e familiares, bem como a toda a popula\u00e7\u00e3o daquela regi\u00e3o\u201d.<br>De acordo com a CBF, os demais torneios continuam sem mudan\u00e7a no cronograma. J\u00e1 as disputas dos clubes ga\u00fachos est\u00e3o suspensas at\u00e9 o dia 27 de maio.<br>No comunicado de hoje, a confedera\u00e7\u00e3o se solidariza com os atingidos pela trag\u00e9dia no Rio Grande do Sul. &#8220;Como entidade nacional de administra\u00e7\u00e3o do desporto, se solidariza com cada v\u00edtima desse evento catastr\u00f3fico, ressaltando que est\u00e1 empreendendo todos os esfor\u00e7os, no \u00e2mbito nacional e internacional, que est\u00e3o ao seu alcance para colaborar com o povo ga\u00facho nessa dr\u00e1stica crise atrav\u00e9s de a\u00e7\u00f5es e iniciativas, sem preju\u00edzo de outras que ainda ser\u00e3o desenvolvidas, caso necess\u00e1rio&#8221;, afirma.<\/p>\n\n\n\n<p>Da Ag\u00eancia Brasil<\/p>\n","protected":false},"excerpt":{"rendered":"<p>A Confedera\u00e7\u00e3o Brasileira de Futebol (CBF) anunciou a suspens\u00e3o das 7\u00ba e 8\u00ba rodadas da<\/p>\n","protected":false},"author":1,"featured_media":66,"comment_status":"closed","ping_status":"open","sticky":false,"template":"","format":"standard","meta":{"spay_email":"","footnotes":"","jetpack_publicize_message":""},"categories":[9],"tags":[],"jetpack_featured_media_url":"https:\/\/i2.wp.com\/jornaldeitaipava.com.br\/wp-content\/uploads\/2020\/08\/FUTEBOL.jpg?fit=1920%2C1080&ssl=1","jetpack_publicize_connections":[],"jetpack_sharing_enabled":true,"jetpack_likes_enabled":true,"jetpack-related-posts":[],"_links":{"self":[{"href":"https:\/\/jornaldeitaipava.com.br\/index.php\/wp-json\/wp\/v2\/posts\/39839"}],"collection":[{"href":"https:\/\/jornaldeitaipava.com.br\/index.php\/wp-json\/wp\/v2\/posts"}],"about":[{"href":"https:\/\/jornaldeitaipava.com.br\/index.php\/wp-json\/wp\/v2\/types\/post"}],"author":[{"embeddable":true,"href":"https:\/\/jornaldeitaipava.com.br\/index.php\/wp-json\/wp\/v2\/users\/1"}],"replies":[{"embeddable":true,"href":"https:\/\/jornaldeitaipava.com.br\/index.php\/wp-json\/wp\/v2\/comments?post=39839"}],"version-history":[{"count":1,"href":"https:\/\/jornaldeitaipava.com.br\/index.php\/wp-json\/wp\/v2\/posts\/39839\/revisions"}],"predecessor-version":[{"id":39840,"href":"https:\/\/jornaldeitaipava.com.br\/index.php\/wp-json\/wp\/v2\/posts\/39839\/revisions\/39840"}],"wp:featuredmedia":[{"embeddable":true,"href":"https:\/\/jornaldeitaipava.com.br\/index.php\/wp-json\/wp\/v2\/media\/66"}],"wp:attachment":[{"href":"https:\/\/jornaldeitaipava.com.br\/index.php\/wp-json\/wp\/v2\/media?parent=39839"}],"wp:term":[{"taxonomy":"category","embeddable":true,"href":"https:\/\/jornaldeitaipava.com.br\/index.php\/wp-json\/wp\/v2\/categories?post=39839"},{"taxonomy":"post_tag","embeddable":true,"href":"https:\/\/jornaldeitaipava.com.br\/index.php\/wp-json\/wp\/v2\/tags?post=39839"}],"curies":[{"name":"wp","href":"https:\/\/api.w.org\/{rel}","templated":true}]}}