{"id":39859,"date":"2024-05-16T13:46:07","date_gmt":"2024-05-16T16:46:07","guid":{"rendered":"http:\/\/jornaldeitaipava.com.br\/?p=39859"},"modified":"2024-05-16T13:46:08","modified_gmt":"2024-05-16T16:46:08","slug":"acoes-de-conscientizacao-marcam-evento-na-praca-de-correas-neste-sabado","status":"publish","type":"post","link":"https:\/\/jornaldeitaipava.com.br\/index.php\/2024\/05\/16\/acoes-de-conscientizacao-marcam-evento-na-praca-de-correas-neste-sabado\/","title":{"rendered":"A\u00e7\u00f5es de conscientiza\u00e7\u00e3o marcam evento na Pra\u00e7a de Corr\u00eaas neste s\u00e1bado"},"content":{"rendered":"\n<p>No pr\u00f3ximo s\u00e1bado, dia 18, a Pra\u00e7a de Corr\u00eaas se transformar\u00e1 em um ponto de encontro para a conscientiza\u00e7\u00e3o e promo\u00e7\u00e3o da sa\u00fade. A iniciativa faz parte do Projeto Mais Sa\u00fade, desenvolvido pela Prefeitura de Petr\u00f3polis, atrav\u00e9s da Secretaria de Sa\u00fade. Organizado pelo Programa de Sa\u00fade da Crian\u00e7a e do Adolescente, contar\u00e1 com a participa\u00e7\u00e3o de diversas \u00e1reas t\u00e9cnicas de sa\u00fade do munic\u00edpio.<\/p>\n\n\n\n<p>Das 9h \u00e0s 15h, a popula\u00e7\u00e3o ter\u00e1 acesso a uma s\u00e9rie de servi\u00e7os e orienta\u00e7\u00f5es, com destaque para a preven\u00e7\u00e3o do abuso e explora\u00e7\u00e3o sexual infantil, doen\u00e7as inflamat\u00f3rias intestinais, sa\u00fade mental materna e seguran\u00e7a no tr\u00e2nsito.<\/p>\n\n\n\n<p>&#8220;\u00c9 uma oportunidade para fortalecermos o cuidado com a sa\u00fade em diferentes aspectos. Estamos unindo esfor\u00e7os para levar informa\u00e7\u00f5es importantes \u00e0 popula\u00e7\u00e3o e promover a preven\u00e7\u00e3o de diversas condi\u00e7\u00f5es de sa\u00fade&#8221;, destaca o prefeito Rubens Bomtempo.<\/p>\n\n\n\n<p>Al\u00e9m disso, os participantes poder\u00e3o usufruir de servi\u00e7os como testes r\u00e1pidos, atualiza\u00e7\u00e3o do calend\u00e1rio vacinal, assist\u00eancia social, atividades educativas voltadas para as crian\u00e7as, orienta\u00e7\u00f5es sobre tabagismo, atendimentos psicol\u00f3gicos, avalia\u00e7\u00e3o odontol\u00f3gica e aferi\u00e7\u00e3o de press\u00e3o arterial.<\/p>\n\n\n\n<p>&#8220;A presen\u00e7a dos colaboradores das Pr\u00e1ticas Integrativas em Sa\u00fade (PICS) e da equipe Multiprofissionais na Aten\u00e7\u00e3o Prim\u00e1ria \u00e0 Sa\u00fade (E-Multi) enriquece ainda mais o evento, possibilitando uma abordagem mais completa e integrada da sa\u00fade&#8221;, destaca o secret\u00e1rio de Sa\u00fade, Ricardo Patul\u00e9a.<\/p>\n\n\n\n<p>Para Luana Melo, superintendente de Aten\u00e7\u00e3o \u00e0 Sa\u00fade, a mobiliza\u00e7\u00e3o na Pra\u00e7a de Corr\u00eaas representa um importante passo na promo\u00e7\u00e3o do bem-estar da comunidade. &#8220;Estamos trabalhando para oferecer um evento diversificado e informativo, que contribua para a melhoria da qualidade de vida dos moradores de Petr\u00f3polis&#8221;, ressalta.<\/p>\n\n\n\n<p>O evento \u00e9 aberto ao p\u00fablico. \u201cTodos s\u00e3o convidados a participar e aproveitar as atividades oferecidas. A Pra\u00e7a de Corr\u00eaas ser\u00e1 palco de uma verdadeira jornada em prol da sa\u00fade e do bem-estar\u201d, completa Ricardo Patul\u00e9a.<\/p>\n","protected":false},"excerpt":{"rendered":"<p>No pr\u00f3ximo s\u00e1bado, dia 18, a Pra\u00e7a de Corr\u00eaas se transformar\u00e1 em um ponto de<\/p>\n","protected":false},"author":1,"featured_media":2667,"comment_status":"closed","ping_status":"open","sticky":false,"template":"","format":"standard","meta":{"spay_email":"","footnotes":"","jetpack_publicize_message":""},"categories":[2],"tags":[],"jetpack_featured_media_url":"https:\/\/i0.wp.com\/jornaldeitaipava.com.br\/wp-content\/uploads\/2020\/10\/CORREAS.jpg?fit=867%2C479&ssl=1","jetpack_publicize_connections":[],"jetpack_sharing_enabled":true,"jetpack_likes_enabled":true,"jetpack-related-posts":[],"_links":{"self":[{"href":"https:\/\/jornaldeitaipava.com.br\/index.php\/wp-json\/wp\/v2\/posts\/39859"}],"collection":[{"href":"https:\/\/jornaldeitaipava.com.br\/index.php\/wp-json\/wp\/v2\/posts"}],"about":[{"href":"https:\/\/jornaldeitaipava.com.br\/index.php\/wp-json\/wp\/v2\/types\/post"}],"author":[{"embeddable":true,"href":"https:\/\/jornaldeitaipava.com.br\/index.php\/wp-json\/wp\/v2\/users\/1"}],"replies":[{"embeddable":true,"href":"https:\/\/jornaldeitaipava.com.br\/index.php\/wp-json\/wp\/v2\/comments?post=39859"}],"version-history":[{"count":1,"href":"https:\/\/jornaldeitaipava.com.br\/index.php\/wp-json\/wp\/v2\/posts\/39859\/revisions"}],"predecessor-version":[{"id":39860,"href":"https:\/\/jornaldeitaipava.com.br\/index.php\/wp-json\/wp\/v2\/posts\/39859\/revisions\/39860"}],"wp:featuredmedia":[{"embeddable":true,"href":"https:\/\/jornaldeitaipava.com.br\/index.php\/wp-json\/wp\/v2\/media\/2667"}],"wp:attachment":[{"href":"https:\/\/jornaldeitaipava.com.br\/index.php\/wp-json\/wp\/v2\/media?parent=39859"}],"wp:term":[{"taxonomy":"category","embeddable":true,"href":"https:\/\/jornaldeitaipava.com.br\/index.php\/wp-json\/wp\/v2\/categories?post=39859"},{"taxonomy":"post_tag","embeddable":true,"href":"https:\/\/jornaldeitaipava.com.br\/index.php\/wp-json\/wp\/v2\/tags?post=39859"}],"curies":[{"name":"wp","href":"https:\/\/api.w.org\/{rel}","templated":true}]}}