{"id":39861,"date":"2024-05-16T15:37:41","date_gmt":"2024-05-16T18:37:41","guid":{"rendered":"http:\/\/jornaldeitaipava.com.br\/?p=39861"},"modified":"2024-05-16T15:37:43","modified_gmt":"2024-05-16T18:37:43","slug":"feirinha-de-itaipava-recebe-feirao-de-veiculos-novos-e-seminovos-neste-domingo","status":"publish","type":"post","link":"https:\/\/jornaldeitaipava.com.br\/index.php\/2024\/05\/16\/feirinha-de-itaipava-recebe-feirao-de-veiculos-novos-e-seminovos-neste-domingo\/","title":{"rendered":"Feirinha de Itaipava recebe Feir\u00e3o de Ve\u00edculos Novos e Seminovos neste domingo"},"content":{"rendered":"\n<p>Neste domingo, dia 19, a Feirinha de Itaipava receber\u00e1 o \u201cFeir\u00e3o de Seminovos\u201d. O evento ocorrer\u00e1 no estacionamento do polo de moda, das 9h \u00e0s 16h.<br>O Feir\u00e3o acontece em um momento de crescimento nas vendas de ve\u00edculos seminovos no Brasil. Em janeiro deste ano, foram comercializadas mais de 766 mil unidades no pa\u00eds, um aumento de 14% em compara\u00e7\u00e3o ao mesmo per\u00edodo de 2023, segundo a Federa\u00e7\u00e3o Nacional das Associa\u00e7\u00f5es dos Revendedores de Ve\u00edculos Automotores (Fenauto). J\u00e1 as vendas de autom\u00f3veis novos no mesmo m\u00eas totalizaram 118.507 unidades.<br>No Feir\u00e3o, os visitantes ter\u00e3o \u00e0 disposi\u00e7\u00e3o uma ampla variedade de modelos novos e seminovos, de diferentes marcas e estilos, com pre\u00e7os competitivos e op\u00e7\u00f5es de financiamento em at\u00e9 60 vezes. Uma boa oportunidade para quem deseja adquirir um ve\u00edculo com condi\u00e7\u00f5es de pagamento facilitadas.<br>Para aqueles que desejam visitar a Feirinha de Itaipava e fazer compras, o polo de moda mant\u00e9m o funcionamento das 9h \u00e0s 19h. S\u00e3o quase 400 estandes com uma grande variedade de produtos.<\/p>\n\n\n\n<p>Servi\u00e7o:<br>Feir\u00e3o de Seminovos<br>Data: 19 de maio (domingo)<br>Hor\u00e1rio: 9h \u00e0s 16h<br>Local: Estacionamento da Feirinha de Itaipava<\/p>\n","protected":false},"excerpt":{"rendered":"<p>Neste domingo, dia 19, a Feirinha de Itaipava receber\u00e1 o \u201cFeir\u00e3o de Seminovos\u201d. O evento<\/p>\n","protected":false},"author":1,"featured_media":39862,"comment_status":"closed","ping_status":"open","sticky":false,"template":"","format":"standard","meta":{"spay_email":"","footnotes":"","jetpack_publicize_message":""},"categories":[42],"tags":[],"jetpack_featured_media_url":"https:\/\/i1.wp.com\/jornaldeitaipava.com.br\/wp-content\/uploads\/2024\/05\/Feirinha-de-Itaipava.jpeg?fit=1600%2C900&ssl=1","jetpack_publicize_connections":[],"jetpack_sharing_enabled":true,"jetpack_likes_enabled":true,"jetpack-related-posts":[],"_links":{"self":[{"href":"https:\/\/jornaldeitaipava.com.br\/index.php\/wp-json\/wp\/v2\/posts\/39861"}],"collection":[{"href":"https:\/\/jornaldeitaipava.com.br\/index.php\/wp-json\/wp\/v2\/posts"}],"about":[{"href":"https:\/\/jornaldeitaipava.com.br\/index.php\/wp-json\/wp\/v2\/types\/post"}],"author":[{"embeddable":true,"href":"https:\/\/jornaldeitaipava.com.br\/index.php\/wp-json\/wp\/v2\/users\/1"}],"replies":[{"embeddable":true,"href":"https:\/\/jornaldeitaipava.com.br\/index.php\/wp-json\/wp\/v2\/comments?post=39861"}],"version-history":[{"count":1,"href":"https:\/\/jornaldeitaipava.com.br\/index.php\/wp-json\/wp\/v2\/posts\/39861\/revisions"}],"predecessor-version":[{"id":39863,"href":"https:\/\/jornaldeitaipava.com.br\/index.php\/wp-json\/wp\/v2\/posts\/39861\/revisions\/39863"}],"wp:featuredmedia":[{"embeddable":true,"href":"https:\/\/jornaldeitaipava.com.br\/index.php\/wp-json\/wp\/v2\/media\/39862"}],"wp:attachment":[{"href":"https:\/\/jornaldeitaipava.com.br\/index.php\/wp-json\/wp\/v2\/media?parent=39861"}],"wp:term":[{"taxonomy":"category","embeddable":true,"href":"https:\/\/jornaldeitaipava.com.br\/index.php\/wp-json\/wp\/v2\/categories?post=39861"},{"taxonomy":"post_tag","embeddable":true,"href":"https:\/\/jornaldeitaipava.com.br\/index.php\/wp-json\/wp\/v2\/tags?post=39861"}],"curies":[{"name":"wp","href":"https:\/\/api.w.org\/{rel}","templated":true}]}}