{"id":39865,"date":"2024-05-21T11:16:18","date_gmt":"2024-05-21T14:16:18","guid":{"rendered":"http:\/\/jornaldeitaipava.com.br\/?p=39865"},"modified":"2024-05-21T11:16:24","modified_gmt":"2024-05-21T14:16:24","slug":"programacao-do-arraia-do-amor-tera-mix-de-forro-sertanejo-e-quadrilhas-em-itaipava","status":"publish","type":"post","link":"https:\/\/jornaldeitaipava.com.br\/index.php\/2024\/05\/21\/programacao-do-arraia-do-amor-tera-mix-de-forro-sertanejo-e-quadrilhas-em-itaipava\/","title":{"rendered":"Programa\u00e7\u00e3o do Arrai\u00e1 do Amor ter\u00e1 mix de forr\u00f3, sertanejo e quadrilhas em Itaipava"},"content":{"rendered":"\n<p class=\"has-text-align-center\"><strong>Com entrada gratuita, evento ter\u00e1 decora\u00e7\u00e3o e gastronomia t\u00edpicas das tradicionais festas juninas<\/strong><\/p>\n\n\n\n<p>O Arrai\u00e1 do Amor trar\u00e1 uma programa\u00e7\u00e3o diversificada para celebrar as festas juninas com muita m\u00fasica, dan\u00e7a e cultura popular a partir do dia 30 de maio, feriado de Corpus Christi. O evento, que acontecer\u00e1 em dois fins de semana consecutivos, est\u00e1 em sua segunda edi\u00e7\u00e3o e promete animar o p\u00fablico com atra\u00e7\u00f5es de forr\u00f3, MPB, sertanejo e quadrilhas tradicionais, al\u00e9m de uma gastronomia t\u00edpica das festas juninas.<br>A abertura do Arrai\u00e1 do Amor ser\u00e1 com apresenta\u00e7\u00f5es de Larissa Viana, \u00e0s 14h, trazendo o melhor da MPB, seguida pela Roda da Mulher Forrozeira, \u00e0s 17h, e encerrando a noite com Hugo Rocha, \u00e0s 20h, em um show de sertanejo. Na sexta-feira, 31 de maio, o forr\u00f3 continuar\u00e1 a animar o p\u00fablico com Pedro Ribeiro, que se apresentar\u00e1 \u00e0s 20h.<br>No s\u00e1bado, 1\u00ba de junho, o p\u00fablico poder\u00e1 conferir uma tradicional quadrilha, \u00e0s 14h30. \u00c0s 15h, Ziriguid\u00f3 subir\u00e1 ao palco com seu repert\u00f3rio de forr\u00f3. A quadrilha retornar\u00e1 \u00e0s 17h30, e, \u00e0s 18h, os Improv\u00e1veis animar\u00e3o o p\u00fablico com mais forr\u00f3. A noite se encerrar\u00e1 com o show de Lucas Israel, \u00e0s 21h, trazendo o sertanejo para a festa.<br>No domingo, 2 de junho, a programa\u00e7\u00e3o musical ter\u00e1 in\u00edcio \u00e0s 14h com um show de forr\u00f3 dos Baioneiros. \u00c0s 15h45, a quadrilha Luzinei subir\u00e1 ao palco, seguida pela Fole &amp; Folia, \u00e0s 17h15, Fole. \u00c0s 18h45, uma nova apresenta\u00e7\u00e3o da quadrilha animar\u00e1 o p\u00fablico. A noite continuar\u00e1 com o show de encerramento, \u00e0s 20h30, com Encontro Sertanejo.<br>O segundo fim de semana de festa come\u00e7ar\u00e1 na sexta-feira, 7 de junho, com a apresenta\u00e7\u00e3o da Tribo de Gonzaga, \u00e0s 20h, trazendo mais forr\u00f3 para o Arrai\u00e1 do Amor. No s\u00e1bado, 8 de junho, a primeira apresenta\u00e7\u00e3o da quadrilha ser\u00e1 \u00e0s 14h30. Guido Martini retornar\u00e1 \u00e0s 15h com uma apresenta\u00e7\u00e3o de MPB, e, \u00e0s 16h45, a quadrilha volta a animar o p\u00fablico. \u00c0s 18h15, ser\u00e1 a vez da apresenta\u00e7\u00e3o dos Baioneiros e, em seguida, haver\u00e1 uma nova apresenta\u00e7\u00e3o da quadrilha. A noite se encerra com show de Fred &amp; Gustavo, \u00e0s 21h30.<br>No domingo, 9 de junho, o Trio Dona Fl\u00f4, promete um show de forr\u00f3 \u00e0s 14h. \u00c0s 15h45, haver\u00e1 a apresenta\u00e7\u00e3o da quadrilha. \u00c0s 17h15, o grupo Veredas apresentar\u00e1 mais forr\u00f3, e, \u00e0s 18h45, a quadrilha animar\u00e1 o p\u00fablico mais uma vez. A noite continuar\u00e1 com o show de encerramento, \u00e0s 20h30, com Noelle &amp; Junior, trazendo sertanejo para o Arrai\u00e1 do Amor.<br>A edi\u00e7\u00e3o 2024 do Arrai\u00e1 do Amor promete ser ainda maior que a do ano anterior. Com o dobro do tamanho e do n\u00famero de expositores, a festa vai contar com uma infraestrutura in\u00e9dita. A proposta cenogr\u00e1fica do evento trar\u00e1 elementos tradicionais, como igrejinha, barraca do beijo, lojinha t\u00edpica e correio do amor. As brincadeiras tamb\u00e9m n\u00e3o ficam de fora, como arremesso de argola, boca do palha\u00e7o e pescaria. Haver\u00e1, ainda, brinquedos infl\u00e1veis gigantes, sucesso no ano passado, que estar\u00e3o de volta ao parque de Itaipava.<\/p>\n","protected":false},"excerpt":{"rendered":"<p>Com entrada gratuita, evento ter\u00e1 decora\u00e7\u00e3o e gastronomia t\u00edpicas das tradicionais festas juninas O Arrai\u00e1<\/p>\n","protected":false},"author":1,"featured_media":39866,"comment_status":"closed","ping_status":"open","sticky":false,"template":"","format":"standard","meta":{"spay_email":"","footnotes":"","jetpack_publicize_message":""},"categories":[42],"tags":[],"jetpack_featured_media_url":"https:\/\/i2.wp.com\/jornaldeitaipava.com.br\/wp-content\/uploads\/2024\/05\/IMG_2464.jpg?fit=2048%2C1365&ssl=1","jetpack_publicize_connections":[],"jetpack_sharing_enabled":true,"jetpack_likes_enabled":true,"jetpack-related-posts":[],"_links":{"self":[{"href":"https:\/\/jornaldeitaipava.com.br\/index.php\/wp-json\/wp\/v2\/posts\/39865"}],"collection":[{"href":"https:\/\/jornaldeitaipava.com.br\/index.php\/wp-json\/wp\/v2\/posts"}],"about":[{"href":"https:\/\/jornaldeitaipava.com.br\/index.php\/wp-json\/wp\/v2\/types\/post"}],"author":[{"embeddable":true,"href":"https:\/\/jornaldeitaipava.com.br\/index.php\/wp-json\/wp\/v2\/users\/1"}],"replies":[{"embeddable":true,"href":"https:\/\/jornaldeitaipava.com.br\/index.php\/wp-json\/wp\/v2\/comments?post=39865"}],"version-history":[{"count":1,"href":"https:\/\/jornaldeitaipava.com.br\/index.php\/wp-json\/wp\/v2\/posts\/39865\/revisions"}],"predecessor-version":[{"id":39867,"href":"https:\/\/jornaldeitaipava.com.br\/index.php\/wp-json\/wp\/v2\/posts\/39865\/revisions\/39867"}],"wp:featuredmedia":[{"embeddable":true,"href":"https:\/\/jornaldeitaipava.com.br\/index.php\/wp-json\/wp\/v2\/media\/39866"}],"wp:attachment":[{"href":"https:\/\/jornaldeitaipava.com.br\/index.php\/wp-json\/wp\/v2\/media?parent=39865"}],"wp:term":[{"taxonomy":"category","embeddable":true,"href":"https:\/\/jornaldeitaipava.com.br\/index.php\/wp-json\/wp\/v2\/categories?post=39865"},{"taxonomy":"post_tag","embeddable":true,"href":"https:\/\/jornaldeitaipava.com.br\/index.php\/wp-json\/wp\/v2\/tags?post=39865"}],"curies":[{"name":"wp","href":"https:\/\/api.w.org\/{rel}","templated":true}]}}