{"id":39870,"date":"2024-05-21T11:20:41","date_gmt":"2024-05-21T14:20:41","guid":{"rendered":"http:\/\/jornaldeitaipava.com.br\/?p=39870"},"modified":"2024-05-21T11:20:48","modified_gmt":"2024-05-21T14:20:48","slug":"maio-tambem-e-mes-de-atencao-ao-cancer-do-sistema-nervoso-central","status":"publish","type":"post","link":"https:\/\/jornaldeitaipava.com.br\/index.php\/2024\/05\/21\/maio-tambem-e-mes-de-atencao-ao-cancer-do-sistema-nervoso-central\/","title":{"rendered":"Maio tamb\u00e9m \u00e9 m\u00eas de aten\u00e7\u00e3o ao c\u00e2ncer do Sistema Nervoso Central"},"content":{"rendered":"\n<p class=\"has-text-align-center\"><strong>Cuidados com a sa\u00fade, bem-estar e aten\u00e7\u00e3o aos sintomas s\u00e3o caminhos para a identifica\u00e7\u00e3o da doen\u00e7a em est\u00e1gio inicial para maior sucesso no tratamento<\/strong><\/p>\n\n\n\n<p>O m\u00eas de maio \u00e9 per\u00edodo de chamar a aten\u00e7\u00e3o para o c\u00e2ncer do Sistema Nervoso Central (SNC), formado pelo c\u00e9rebro e medula espinhal. Segundo estimativas do Instituto Nacional do C\u00e2ncer (INCA), 1,4% a 1,8% dos tumores malignos rastreados afetam o SNC e desse total, 88% s\u00e3o identificados no c\u00e9rebro. Em Petr\u00f3polis, a R\u00e1dio Serra Centro Regional de Radioterapia, a m\u00e9dia de atendimentos a pacientes com esse tipo de c\u00e2ncer em 2023, foi de aproximadamente 2 ao m\u00eas. De acordo com o mais recente estudo do INCA, no Brasil, 11.490 pessoas recebem o diagn\u00f3stico e a maior parte dos casos (53,2%) afeta os homens.<br>A mais recente amostragem do INCA (2022) identificou 6.110 casos em homens e 5.380 em mulheres. Em 2021 a mortalidade por esse tipo de c\u00e2ncer foi de 9.684, sendo 4.996 homens e 4.686 mulheres. \u201cEsse \u00e9 um tipo de c\u00e2ncer para o qual ainda n\u00e3o existem indicativos para a preven\u00e7\u00e3o. Se trata de uma doen\u00e7a multifatorial o que refor\u00e7a a necessidade de se manter a rotina de acompanhamento m\u00e9dico, o que contribui para a identifica\u00e7\u00e3o de sinais que podem apontar para o diagn\u00f3stico\u201d, enfatizou o m\u00e9dico r\u00e1dio-oncologista, Daniel Przybysz.<br>Tendo em vista a n\u00e3o defini\u00e7\u00e3o de medidas preventivas para esse tipo de c\u00e2ncer, o especialista refor\u00e7a a aten\u00e7\u00e3o para os sintomas comuns que podem indicar a aten\u00e7\u00e3o para um poss\u00edvel diagn\u00f3stico. Entre os fatores que podem chamar a aten\u00e7\u00e3o est\u00e3o: dor de cabe\u00e7a, quando passam a ocorrer de forma repentina, ou intensa, constante e localizada sempre em um ponto espec\u00edfico; crises de epilepsia ou convulsivas em pacientes que nunca tiveram esse tipo de ocorr\u00eancia; perdas de fun\u00e7\u00f5es neurol\u00f3gicas como d\u00e9ficits focais, perda de for\u00e7a ou do tato nos membros, de vis\u00e3o ou audi\u00e7\u00e3o, altera\u00e7\u00f5es na fala; perda na capacidade de compreens\u00e3o, racioc\u00ednio, escrita, c\u00e1lculo, reconhecimento de pessoas; ou mudan\u00e7as de comportamento como agita\u00e7\u00e3o e aumento de agressividade ou apatia.<br>\u201c\u00c9 cada vez mais necess\u00e1rio que as pessoas estejam atentas para o surgimento de sintomas e comportamentos fora do comum que podem ajudar no diagn\u00f3stico precoce, fator de maior relev\u00e2ncia para o tratamento de qualquer tipo de c\u00e2ncer\u201d, refor\u00e7ou Daniel Przybysz.<br>Al\u00e9m de fatores heredit\u00e1rios, que s\u00e3o o ponto de aten\u00e7\u00e3o, de acordo com as an\u00e1lises apontadas pelo INCA, o c\u00e2ncer no Sistema Nervoso Central pode ser causado por uma s\u00e9rie de altera\u00e7\u00f5es gen\u00e9ticas, adquiridas ao longo da vida, seja por predisposi\u00e7\u00e3o ou exposi\u00e7\u00e3o. Entre outros fatores que tamb\u00e9m aumentam os riscos s\u00e3o, exposi\u00e7\u00e3o \u00e0 radia\u00e7\u00e3o, defici\u00eancia do sistema imunol\u00f3gico. A identifica\u00e7\u00e3o em est\u00e1gio inicial contribui para a efic\u00e1cia no tratamento e possibilidade de cura. A aten\u00e7\u00e3o ao surgimento dos sintomas indicativos para o c\u00e2ncer do SNC \u00e9 a principal medida para o in\u00edcio de uma investiga\u00e7\u00e3o espec\u00edfica.<br>Atrav\u00e9s dos canais de comunica\u00e7\u00e3o com a Radio Serra, Centro Regional de Radioterapia no Instagram (<a href=\"https:\/\/www.instagram.com\/radioserraradioterapia?igsh=MWg3OGViNGY2N3lsdQ==\" target=\"_blank\" rel=\"noreferrer noopener\">https:\/\/www.instagram.com\/radioserraradioterapia?igsh=MWg3OGViNGY2N3lsdQ==<\/a>) h\u00e1 mais informa\u00e7\u00f5es sobre cuidados com a sa\u00fade e contato para acesso aos especialistas, que podem melhor orientar sobre os cuidados necess\u00e1rios para a sa\u00fade.<\/p>\n","protected":false},"excerpt":{"rendered":"<p>Cuidados com a sa\u00fade, bem-estar e aten\u00e7\u00e3o aos sintomas s\u00e3o caminhos para a identifica\u00e7\u00e3o da<\/p>\n","protected":false},"author":1,"featured_media":39871,"comment_status":"closed","ping_status":"open","sticky":false,"template":"","format":"standard","meta":{"spay_email":"","footnotes":"","jetpack_publicize_message":""},"categories":[2],"tags":[],"jetpack_featured_media_url":"https:\/\/i2.wp.com\/jornaldeitaipava.com.br\/wp-content\/uploads\/2024\/05\/WhatsApp-Image-2024-05-20-at-09.25.41.jpeg?fit=1600%2C1200&ssl=1","jetpack_publicize_connections":[],"jetpack_sharing_enabled":true,"jetpack_likes_enabled":true,"jetpack-related-posts":[],"_links":{"self":[{"href":"https:\/\/jornaldeitaipava.com.br\/index.php\/wp-json\/wp\/v2\/posts\/39870"}],"collection":[{"href":"https:\/\/jornaldeitaipava.com.br\/index.php\/wp-json\/wp\/v2\/posts"}],"about":[{"href":"https:\/\/jornaldeitaipava.com.br\/index.php\/wp-json\/wp\/v2\/types\/post"}],"author":[{"embeddable":true,"href":"https:\/\/jornaldeitaipava.com.br\/index.php\/wp-json\/wp\/v2\/users\/1"}],"replies":[{"embeddable":true,"href":"https:\/\/jornaldeitaipava.com.br\/index.php\/wp-json\/wp\/v2\/comments?post=39870"}],"version-history":[{"count":1,"href":"https:\/\/jornaldeitaipava.com.br\/index.php\/wp-json\/wp\/v2\/posts\/39870\/revisions"}],"predecessor-version":[{"id":39872,"href":"https:\/\/jornaldeitaipava.com.br\/index.php\/wp-json\/wp\/v2\/posts\/39870\/revisions\/39872"}],"wp:featuredmedia":[{"embeddable":true,"href":"https:\/\/jornaldeitaipava.com.br\/index.php\/wp-json\/wp\/v2\/media\/39871"}],"wp:attachment":[{"href":"https:\/\/jornaldeitaipava.com.br\/index.php\/wp-json\/wp\/v2\/media?parent=39870"}],"wp:term":[{"taxonomy":"category","embeddable":true,"href":"https:\/\/jornaldeitaipava.com.br\/index.php\/wp-json\/wp\/v2\/categories?post=39870"},{"taxonomy":"post_tag","embeddable":true,"href":"https:\/\/jornaldeitaipava.com.br\/index.php\/wp-json\/wp\/v2\/tags?post=39870"}],"curies":[{"name":"wp","href":"https:\/\/api.w.org\/{rel}","templated":true}]}}