{"id":39875,"date":"2024-05-21T11:23:53","date_gmt":"2024-05-21T14:23:53","guid":{"rendered":"http:\/\/jornaldeitaipava.com.br\/?p=39875"},"modified":"2024-05-21T11:24:02","modified_gmt":"2024-05-21T14:24:02","slug":"cras-bemposta-leva-idosos-para-passeio-em-vinicola-em-areal","status":"publish","type":"post","link":"https:\/\/jornaldeitaipava.com.br\/index.php\/2024\/05\/21\/cras-bemposta-leva-idosos-para-passeio-em-vinicola-em-areal\/","title":{"rendered":"CRAS Bemposta leva idosos para passeio em vin\u00edcola em Areal"},"content":{"rendered":"\n<p>A Prefeitura de Tr\u00eas Rios, atrav\u00e9s da Secretaria de Assist\u00eancia Social e Direitos Humanos, levou nesta semana os idosos do CRAS Bemposta para um passeio no munic\u00edpio de Areal.<\/p>\n\n\n\n<p>Acompanhados de profissionais do CRAS, o grupo de idosos visitou a vin\u00edcola Borgo del Vino e participou de um piquenique no Parque da Julioca.<\/p>\n\n\n\n<p>A visita fez parte das atividades do servi\u00e7o de conviv\u00eancia e fortalecimento de v\u00ednculos promovidas regularmente pela Secretaria de Assist\u00eancia Social.<\/p>\n","protected":false},"excerpt":{"rendered":"<p>A Prefeitura de Tr\u00eas Rios, atrav\u00e9s da Secretaria de Assist\u00eancia Social e Direitos Humanos, levou<\/p>\n","protected":false},"author":1,"featured_media":39876,"comment_status":"closed","ping_status":"open","sticky":false,"template":"","format":"standard","meta":{"spay_email":"","footnotes":"","jetpack_publicize_message":""},"categories":[5],"tags":[],"jetpack_featured_media_url":"https:\/\/i2.wp.com\/jornaldeitaipava.com.br\/wp-content\/uploads\/2024\/05\/Cras-Bemposta-1-1024x768-1.jpg?fit=1024%2C768&ssl=1","jetpack_publicize_connections":[],"jetpack_sharing_enabled":true,"jetpack_likes_enabled":true,"jetpack-related-posts":[],"_links":{"self":[{"href":"https:\/\/jornaldeitaipava.com.br\/index.php\/wp-json\/wp\/v2\/posts\/39875"}],"collection":[{"href":"https:\/\/jornaldeitaipava.com.br\/index.php\/wp-json\/wp\/v2\/posts"}],"about":[{"href":"https:\/\/jornaldeitaipava.com.br\/index.php\/wp-json\/wp\/v2\/types\/post"}],"author":[{"embeddable":true,"href":"https:\/\/jornaldeitaipava.com.br\/index.php\/wp-json\/wp\/v2\/users\/1"}],"replies":[{"embeddable":true,"href":"https:\/\/jornaldeitaipava.com.br\/index.php\/wp-json\/wp\/v2\/comments?post=39875"}],"version-history":[{"count":1,"href":"https:\/\/jornaldeitaipava.com.br\/index.php\/wp-json\/wp\/v2\/posts\/39875\/revisions"}],"predecessor-version":[{"id":39877,"href":"https:\/\/jornaldeitaipava.com.br\/index.php\/wp-json\/wp\/v2\/posts\/39875\/revisions\/39877"}],"wp:featuredmedia":[{"embeddable":true,"href":"https:\/\/jornaldeitaipava.com.br\/index.php\/wp-json\/wp\/v2\/media\/39876"}],"wp:attachment":[{"href":"https:\/\/jornaldeitaipava.com.br\/index.php\/wp-json\/wp\/v2\/media?parent=39875"}],"wp:term":[{"taxonomy":"category","embeddable":true,"href":"https:\/\/jornaldeitaipava.com.br\/index.php\/wp-json\/wp\/v2\/categories?post=39875"},{"taxonomy":"post_tag","embeddable":true,"href":"https:\/\/jornaldeitaipava.com.br\/index.php\/wp-json\/wp\/v2\/tags?post=39875"}],"curies":[{"name":"wp","href":"https:\/\/api.w.org\/{rel}","templated":true}]}}