{"id":39881,"date":"2024-05-21T11:32:53","date_gmt":"2024-05-21T14:32:53","guid":{"rendered":"http:\/\/jornaldeitaipava.com.br\/?p=39881"},"modified":"2024-05-21T11:33:02","modified_gmt":"2024-05-21T14:33:02","slug":"nucleo-de-atendimento-psicologico-juvenil-e-familia-acolhedora-ganham-novos-espacos","status":"publish","type":"post","link":"https:\/\/jornaldeitaipava.com.br\/index.php\/2024\/05\/21\/nucleo-de-atendimento-psicologico-juvenil-e-familia-acolhedora-ganham-novos-espacos\/","title":{"rendered":"N\u00facleo de Atendimento Psicol\u00f3gico Juvenil e Fam\u00edlia Acolhedora ganham novos espa\u00e7os"},"content":{"rendered":"\n<p>No dia do Combate ao Abuso e Explora\u00e7\u00e3o Sexual \u2013 18 de maio &#8211; a Prefeitura inaugurou as novas unidades do N\u00facleo de Atendimento Psicol\u00f3gico Juvenil (Nape) e da Fam\u00edlia Acolhedora. O espa\u00e7o, que abriga os dois equipamentos, foi adaptado para atender com mais qualidade e acessibilidade as crian\u00e7as e adolescentes v\u00edtimas de abuso sexual.<br>\u201cEstou feliz de poder estar estruturando melhor a rede de assist\u00eancia social. Nesses dois anos e meio avan\u00e7amos muito nessa quest\u00e3o criando protocolos, recuperando o NIS, conquistando uma sede pr\u00f3pria para a Assist\u00eancia Social, entre outras conquistas\u201d, disse o prefeito Rubens Bomtempo.<br>A nova unidade conta com salas de atendimento, espa\u00e7os para recrea\u00e7\u00e3o, banheiros, copa, local para reuni\u00f5es e recep\u00e7\u00e3o. \u201cEstarmos entregando hoje esse equipamento, adequado para o atendimento das nossas crian\u00e7as e adolescentes, em uma data que marca a luta do povo brasileiro contra a viol\u00eancia sexual\u201d, comentou a primeira dama e presidente do Conselho Municipal dos Direitos da Crian\u00e7a e do Adolescente (CMDCA), Luciane Bomtempo.<br>\u201c\u00c9 um governo acolhedor, que cuida da fam\u00edlia e que protege as nossas crian\u00e7as\u201d, ressaltou o vice-prefeito Paulo Mustrangi, que tamb\u00e9m participou da inaugura\u00e7\u00e3o. Para a secret\u00e1ria de Assist\u00eancia Social, Valesca Gon\u00e7alves, a nova sede do Nape e da Fam\u00edlia Acolhedora \u00e9 um marco para a rede de Assist\u00eancia Social. \u201cTemos um espa\u00e7o que acolhe nossas crian\u00e7as e adolescentes, mas tamb\u00e9m um local de trabalho que traz dignidade para os nossos profissionais\u201d, ressaltou a secret\u00e1ria.<\/p>\n","protected":false},"excerpt":{"rendered":"<p>No dia do Combate ao Abuso e Explora\u00e7\u00e3o Sexual \u2013 18 de maio &#8211; a<\/p>\n","protected":false},"author":1,"featured_media":39882,"comment_status":"closed","ping_status":"open","sticky":false,"template":"","format":"standard","meta":{"spay_email":"","footnotes":"","jetpack_publicize_message":""},"categories":[2],"tags":[],"jetpack_featured_media_url":"https:\/\/i1.wp.com\/jornaldeitaipava.com.br\/wp-content\/uploads\/2024\/05\/WhatsApp-Image-2024-05-20-at-18.45.10.jpeg?fit=1599%2C1066&ssl=1","jetpack_publicize_connections":[],"jetpack_sharing_enabled":true,"jetpack_likes_enabled":true,"jetpack-related-posts":[],"_links":{"self":[{"href":"https:\/\/jornaldeitaipava.com.br\/index.php\/wp-json\/wp\/v2\/posts\/39881"}],"collection":[{"href":"https:\/\/jornaldeitaipava.com.br\/index.php\/wp-json\/wp\/v2\/posts"}],"about":[{"href":"https:\/\/jornaldeitaipava.com.br\/index.php\/wp-json\/wp\/v2\/types\/post"}],"author":[{"embeddable":true,"href":"https:\/\/jornaldeitaipava.com.br\/index.php\/wp-json\/wp\/v2\/users\/1"}],"replies":[{"embeddable":true,"href":"https:\/\/jornaldeitaipava.com.br\/index.php\/wp-json\/wp\/v2\/comments?post=39881"}],"version-history":[{"count":1,"href":"https:\/\/jornaldeitaipava.com.br\/index.php\/wp-json\/wp\/v2\/posts\/39881\/revisions"}],"predecessor-version":[{"id":39883,"href":"https:\/\/jornaldeitaipava.com.br\/index.php\/wp-json\/wp\/v2\/posts\/39881\/revisions\/39883"}],"wp:featuredmedia":[{"embeddable":true,"href":"https:\/\/jornaldeitaipava.com.br\/index.php\/wp-json\/wp\/v2\/media\/39882"}],"wp:attachment":[{"href":"https:\/\/jornaldeitaipava.com.br\/index.php\/wp-json\/wp\/v2\/media?parent=39881"}],"wp:term":[{"taxonomy":"category","embeddable":true,"href":"https:\/\/jornaldeitaipava.com.br\/index.php\/wp-json\/wp\/v2\/categories?post=39881"},{"taxonomy":"post_tag","embeddable":true,"href":"https:\/\/jornaldeitaipava.com.br\/index.php\/wp-json\/wp\/v2\/tags?post=39881"}],"curies":[{"name":"wp","href":"https:\/\/api.w.org\/{rel}","templated":true}]}}