{"id":39884,"date":"2024-05-21T11:37:50","date_gmt":"2024-05-21T14:37:50","guid":{"rendered":"http:\/\/jornaldeitaipava.com.br\/?p=39884"},"modified":"2024-05-21T11:37:57","modified_gmt":"2024-05-21T14:37:57","slug":"terminam-nesta-quarta-feira-as-inscricoes-de-projetos-artisticos-para-a-35a-bauernfest","status":"publish","type":"post","link":"https:\/\/jornaldeitaipava.com.br\/index.php\/2024\/05\/21\/terminam-nesta-quarta-feira-as-inscricoes-de-projetos-artisticos-para-a-35a-bauernfest\/","title":{"rendered":"Terminam nesta quarta-feira, as inscri\u00e7\u00f5es de projetos art\u00edsticos para a 35\u00aa Bauernfest"},"content":{"rendered":"\n<p>\u00daltimos dias de inscri\u00e7\u00e3o de projetos art\u00edsticos para compor a programa\u00e7\u00e3o cultural da 35\u00aa Bauernfest 2024. O prazo para o envio de propostas termina na pr\u00f3xima quarta-feira (22). Podem ser enviadas propostas de todos os segmentos art\u00edsticos (m\u00fasica, teatro, dan\u00e7a, audiovisual, entre outros) em diferentes formatos (shows, oficinas, exposi\u00e7\u00f5es, infantis, etc.). Os dias e hor\u00e1rios das apresenta\u00e7\u00f5es ser\u00e3o confirmados, em acordo com os proponentes, ap\u00f3s a sele\u00e7\u00e3o.<br>A Bauernfest \u00e9 uma oportunidade para grupos art\u00edsticos se apresentarem no maior evento do calend\u00e1rio tur\u00edstico de Petr\u00f3polis, que atrai pessoas do Brasil e do mundo, e movimenta a economia da cidade.<br>Os interessados em apresentar propostas poder\u00e3o fazer as inscri\u00e7\u00f5es no per\u00edodo de 07 de maio a 22 de maio, com resultado saindo no dia 29 de maio. As propostas ser\u00e3o analisadas e selecionadas por uma Comiss\u00e3o T\u00e9cnica formada por servidores do Instituto Municipal de Cultura de acordo com os seguintes crit\u00e9rios:<\/p>\n\n\n\n<p>A &#8211; Alinhamento da proposta com a tem\u00e1tica da festa<br>B &#8211; Viabilidade da Proposta<br>C &#8211; Relev\u00e2ncia e Qualidade T\u00e9cnica da Proposta<\/p>\n\n\n\n<p>D\u00favidas podem ser enviadas para: eventoseprojetosimc@gmail.com<\/p>\n\n\n\n<p>INSCRI\u00c7\u00d5ES<br><a href=\"https:\/\/docs.google.com\/forms\/d\/1hQb4Mf2Q2CL24K64ei88dZrN0vZS2efiFfJpThBK_es\/viewform?edit_requested=true\" target=\"_blank\" rel=\"noreferrer noopener\">https:\/\/docs.google.com\/forms\/d\/1hQb4Mf2Q2CL24K64ei88dZrN0vZS2efiFfJpThBK_es\/viewform?edit_requested=true<\/a><\/p>\n","protected":false},"excerpt":{"rendered":"<p>\u00daltimos dias de inscri\u00e7\u00e3o de projetos art\u00edsticos para compor a programa\u00e7\u00e3o cultural da 35\u00aa Bauernfest<\/p>\n","protected":false},"author":1,"featured_media":30319,"comment_status":"closed","ping_status":"open","sticky":false,"template":"","format":"standard","meta":{"spay_email":"","footnotes":"","jetpack_publicize_message":""},"categories":[1],"tags":[],"jetpack_featured_media_url":"https:\/\/i1.wp.com\/jornaldeitaipava.com.br\/wp-content\/uploads\/2022\/08\/BAUERN.jpg?fit=600%2C400&ssl=1","jetpack_publicize_connections":[],"jetpack_sharing_enabled":true,"jetpack_likes_enabled":true,"jetpack-related-posts":[],"_links":{"self":[{"href":"https:\/\/jornaldeitaipava.com.br\/index.php\/wp-json\/wp\/v2\/posts\/39884"}],"collection":[{"href":"https:\/\/jornaldeitaipava.com.br\/index.php\/wp-json\/wp\/v2\/posts"}],"about":[{"href":"https:\/\/jornaldeitaipava.com.br\/index.php\/wp-json\/wp\/v2\/types\/post"}],"author":[{"embeddable":true,"href":"https:\/\/jornaldeitaipava.com.br\/index.php\/wp-json\/wp\/v2\/users\/1"}],"replies":[{"embeddable":true,"href":"https:\/\/jornaldeitaipava.com.br\/index.php\/wp-json\/wp\/v2\/comments?post=39884"}],"version-history":[{"count":1,"href":"https:\/\/jornaldeitaipava.com.br\/index.php\/wp-json\/wp\/v2\/posts\/39884\/revisions"}],"predecessor-version":[{"id":39885,"href":"https:\/\/jornaldeitaipava.com.br\/index.php\/wp-json\/wp\/v2\/posts\/39884\/revisions\/39885"}],"wp:featuredmedia":[{"embeddable":true,"href":"https:\/\/jornaldeitaipava.com.br\/index.php\/wp-json\/wp\/v2\/media\/30319"}],"wp:attachment":[{"href":"https:\/\/jornaldeitaipava.com.br\/index.php\/wp-json\/wp\/v2\/media?parent=39884"}],"wp:term":[{"taxonomy":"category","embeddable":true,"href":"https:\/\/jornaldeitaipava.com.br\/index.php\/wp-json\/wp\/v2\/categories?post=39884"},{"taxonomy":"post_tag","embeddable":true,"href":"https:\/\/jornaldeitaipava.com.br\/index.php\/wp-json\/wp\/v2\/tags?post=39884"}],"curies":[{"name":"wp","href":"https:\/\/api.w.org\/{rel}","templated":true}]}}