{"id":39890,"date":"2024-05-21T11:57:30","date_gmt":"2024-05-21T14:57:30","guid":{"rendered":"http:\/\/jornaldeitaipava.com.br\/?p=39890"},"modified":"2024-05-21T11:57:35","modified_gmt":"2024-05-21T14:57:35","slug":"mprj-denuncia-e-obtem-prisao-de-quatro-pessoas-da-mesma-familia-por-extorsao-mediante-sequestro-em-petropolis","status":"publish","type":"post","link":"https:\/\/jornaldeitaipava.com.br\/index.php\/2024\/05\/21\/mprj-denuncia-e-obtem-prisao-de-quatro-pessoas-da-mesma-familia-por-extorsao-mediante-sequestro-em-petropolis\/","title":{"rendered":"MPRJ denuncia e obt\u00e9m pris\u00e3o de quatro pessoas da mesma fam\u00edlia por extors\u00e3o mediante sequestro, em Petr\u00f3polis"},"content":{"rendered":"\n<p>O Minist\u00e9rio P\u00fablico do Estado do Rio de Janeiro (MPRJ), por meio da Promotoria de Justi\u00e7a de Investiga\u00e7\u00e3o Penal de Petr\u00f3polis, denunciou \u00e0 Justi\u00e7a, no dia 14 de maio, quatro pessoas envolvidas no desaparecimento de uma mulher. A pedido da PIP de Petr\u00f3polis, o Ju\u00edzo da 2\u00aa Vara Criminal da Comarca de Petr\u00f3polis decretou as pris\u00f5es preventivas dos acusados. Os denunciados est\u00e3o presos.<br>A v\u00edtima desapareceu em 29 de fevereiro deste ano, em Petr\u00f3polis, na Regi\u00e3o Serrana do Rio. De acordo com as investiga\u00e7\u00f5es, o mentor do crime, funcion\u00e1rio da fam\u00edlia das v\u00edtimas h\u00e1 aproximadamente tr\u00eas anos, aproveitando-se da confian\u00e7a nele depositada pela fam\u00edlia e do conhecimento sobre a sua rotina, arquitetou o plano criminoso e contou com o aux\u00edlio dos filhos e de uma mulher, com quem mantinha relacionamento amoroso, para sua execu\u00e7\u00e3o.<br>De acordo com apurado, o idealizador do sequestro apresentou-se \u00e0 fam\u00edlia como policial federal, sem ser, no entanto, conquistando, de imediato, a sua confian\u00e7a e, assim, passou a realizar a seguran\u00e7a pessoal dos seus integrantes, al\u00e9m de ter acesso irrestrito a cart\u00f5es de cr\u00e9dito e \u00e0s respectivas senhas.<br>A den\u00fancia do MPRJ tamb\u00e9m destaca que o marido da v\u00edtima, sem conhecimento da verdadeira identidade dos sequestradores, pagou o resgate de aproximadamente R$ 4,6 milh\u00f5es para libert\u00e1-la, o que, no entanto, n\u00e3o ocorreu at\u00e9 o oferecimento da den\u00fancia.<br>Ainda segundo a den\u00fancia, a v\u00edtima despareceu em 29 de fevereiro, mas somente em 14 de mar\u00e7o o caso foi levado ao conhecimento da Pol\u00edcia Civil. A ideia de n\u00e3o levar os fatos ao conhecimento das autoridades locais partiu do pr\u00f3prio funcion\u00e1rio das v\u00edtimas, retardando o in\u00edcio das investiga\u00e7\u00f5es.<br>De acordo com as dilig\u00eancias investigat\u00f3rias realizadas pelo MPRJ e pela Pol\u00edcia Civil, o homem, idealizador do sequestro, e os demais acusados, foram os reais benefici\u00e1rios do valor pago a t\u00edtulo de resgate.<br>No dia do pagamento do resgate, o grupo criminoso adquiriu um ve\u00edculo de luxo, avaliado em RS 500 mil, pagos em esp\u00e9cie. Al\u00e9m do ve\u00edculo, uma motocicleta e 950 celulares foram adquiridos pelos acusados com o dinheiro obtido ilicitamente.<br>A inicial da a\u00e7\u00e3o penal tamb\u00e9m destaca que o marido da mulher desaparecida realizou mais de quarenta transfer\u00eancias banc\u00e1rias por orienta\u00e7\u00e3o do funcion\u00e1rio e em contas por ele indicadas para aquisi\u00e7\u00e3o de d\u00f3lares, tamb\u00e9m para pagamento do resgate.<br>A linha de investiga\u00e7\u00e3o da Promotoria de Justi\u00e7a e da 105\u00aa Delegacia de Pol\u00edcia aponta para suspeitas de que a v\u00edtima sequestrada foi assassinada pelo grupo e teve seu cad\u00e1ver ocultado, motivo pelo qual as investiga\u00e7\u00f5es prosseguir\u00e3o em procedimento investigat\u00f3rio criminal pr\u00f3prio. Tamb\u00e9m h\u00e1 ind\u00edcios da pr\u00e1tica dos crimes de lavagem de dinheiro e evas\u00e3o de divisas que ser\u00e3o devidamente apurados.<\/p>\n","protected":false},"excerpt":{"rendered":"<p>O Minist\u00e9rio P\u00fablico do Estado do Rio de Janeiro (MPRJ), por meio da Promotoria de<\/p>\n","protected":false},"author":1,"featured_media":15162,"comment_status":"closed","ping_status":"open","sticky":false,"template":"","format":"standard","meta":{"spay_email":"","footnotes":"","jetpack_publicize_message":""},"categories":[2],"tags":[],"jetpack_featured_media_url":"https:\/\/i2.wp.com\/jornaldeitaipava.com.br\/wp-content\/uploads\/2021\/05\/mprj.jpg?fit=1128%2C610&ssl=1","jetpack_publicize_connections":[],"jetpack_sharing_enabled":true,"jetpack_likes_enabled":true,"jetpack-related-posts":[],"_links":{"self":[{"href":"https:\/\/jornaldeitaipava.com.br\/index.php\/wp-json\/wp\/v2\/posts\/39890"}],"collection":[{"href":"https:\/\/jornaldeitaipava.com.br\/index.php\/wp-json\/wp\/v2\/posts"}],"about":[{"href":"https:\/\/jornaldeitaipava.com.br\/index.php\/wp-json\/wp\/v2\/types\/post"}],"author":[{"embeddable":true,"href":"https:\/\/jornaldeitaipava.com.br\/index.php\/wp-json\/wp\/v2\/users\/1"}],"replies":[{"embeddable":true,"href":"https:\/\/jornaldeitaipava.com.br\/index.php\/wp-json\/wp\/v2\/comments?post=39890"}],"version-history":[{"count":1,"href":"https:\/\/jornaldeitaipava.com.br\/index.php\/wp-json\/wp\/v2\/posts\/39890\/revisions"}],"predecessor-version":[{"id":39891,"href":"https:\/\/jornaldeitaipava.com.br\/index.php\/wp-json\/wp\/v2\/posts\/39890\/revisions\/39891"}],"wp:featuredmedia":[{"embeddable":true,"href":"https:\/\/jornaldeitaipava.com.br\/index.php\/wp-json\/wp\/v2\/media\/15162"}],"wp:attachment":[{"href":"https:\/\/jornaldeitaipava.com.br\/index.php\/wp-json\/wp\/v2\/media?parent=39890"}],"wp:term":[{"taxonomy":"category","embeddable":true,"href":"https:\/\/jornaldeitaipava.com.br\/index.php\/wp-json\/wp\/v2\/categories?post=39890"},{"taxonomy":"post_tag","embeddable":true,"href":"https:\/\/jornaldeitaipava.com.br\/index.php\/wp-json\/wp\/v2\/tags?post=39890"}],"curies":[{"name":"wp","href":"https:\/\/api.w.org\/{rel}","templated":true}]}}