{"id":39916,"date":"2024-05-23T12:24:19","date_gmt":"2024-05-23T15:24:19","guid":{"rendered":"http:\/\/jornaldeitaipava.com.br\/?p=39916"},"modified":"2024-05-23T12:24:22","modified_gmt":"2024-05-23T15:24:22","slug":"petropolis-cascatinha-sera-palco-de-programacao-circense-neste-fim-de-semana","status":"publish","type":"post","link":"https:\/\/jornaldeitaipava.com.br\/index.php\/2024\/05\/23\/petropolis-cascatinha-sera-palco-de-programacao-circense-neste-fim-de-semana\/","title":{"rendered":"Petr\u00f3polis: Cascatinha ser\u00e1 palco de programa\u00e7\u00e3o circense neste fim de semana"},"content":{"rendered":"\n<p class=\"has-text-align-center\"><strong>Cortejo circense, oficina e espet\u00e1culos s\u00e3o algumas atra\u00e7\u00f5es<\/strong><\/p>\n\n\n\n<p>O Festival Riso Solto \u2013 4\u00ba Encontro de Palha\u00e7aria e Circo termina neste fim de semana, nos dias 25 e 26 de maio, na Pra\u00e7a de Cascatinha, em Petr\u00f3polis. S\u00e3o muitas atra\u00e7\u00f5es gratuitas, como espet\u00e1culos, cortejos e oficina de inicia\u00e7\u00e3o ao circo. O evento protagonizado por artistas locais e convidados, vem consolidando nesta edi\u00e7\u00e3o, a voca\u00e7\u00e3o de fortalecimento de classe, al\u00e9m de reafirmar o potencial art\u00edstico da arte milenar circense para p\u00fablicos de todas as idades.<br>Para L\u00e9o Gaviole, coordenador do Festival, a programa\u00e7\u00e3o fora do primeiro distrito \u00e9 o grande diferencial desta edi\u00e7\u00e3o. \u201cTodo o evento desde o dia 15 de maio veio bem descentralizado, com apresenta\u00e7\u00f5es em institui\u00e7\u00f5es, escolas e outros bairros, mas as atividades principais, teatro de rua e o grande encontro, que sempre inclu\u00edmos na Pra\u00e7a da Liberdade, ficaram concentradas em Cascatinha. \u00c9 muito legal estarmos sendo t\u00e3o bem acolhidos por l\u00e1\u201d, ressalta.<br>A regi\u00e3o recebe neste s\u00e1bado o Palha\u00e7o Monotom, \u00e0s 11h, com o espet\u00e1culo \u201cJ\u00e1 Vai Come\u00e7ar\u201d. Na sinopse, \u00c1lisson Jardel (circense vindo de Maric\u00e1\/RJ) \u00e9 o palha\u00e7o com a miss\u00e3o de come\u00e7ar um espet\u00e1culo, por\u00e9m ele n\u00e3o tem a menor ideia de como fazer isso. Diante desse problema, a partir de gags, n\u00fameros e intera\u00e7\u00e3o com o p\u00fablico, ele vai tentando resolver essa situa\u00e7\u00e3o.<br>O grande encontro de palha\u00e7os da regi\u00e3o serrana acontece, em Cascatinha, \u00e0s 15h, com o \u201cCortejo Riso Solto\u201d. Inspirado nas manifesta\u00e7\u00f5es populares que os circos tradicionais faziam quando chegavam \u00e0s cidades, a atra\u00e7\u00e3o circula na localidade animada pela banda de metais Toque de Elite, com o batuque da percuss\u00e3o batendo no cora\u00e7\u00e3o dos palha\u00e7os e do p\u00fablico, contando ainda com malabaristas, equilibristas, pernas de pau, palha\u00e7as e palha\u00e7os, com muita alegria para contagiar o povo que vem junto.<br>Ainda no mesmo dia, \u00e0s 16h, ocorre a apresenta\u00e7\u00e3o do espet\u00e1culo de teatro-circense \u201cTive Uma Ideia\u201d, da Dupla Malabaguita. Os malabaristas Guilherme Avelino e Talita Costa j\u00e1 se apresentaram em 16 estados e 4 pa\u00edses (Uruguai, Argentina, Chile e Bol\u00edvia). N\u00fameros de equil\u00edbrio, malabares, fac\u00f5es, m\u00faltiplos bambol\u00eas e um monociclo de 1,5m de altura fazem parte desse espet\u00e1culo l\u00fadico, que de maneira crescente em n\u00edvel de dificuldade, cativa o p\u00fablico com os encantos do circo, levando aos expectadores um momento de lazer, alegria e divers\u00e3o familiar.<br>No domingo, \u00e0s 11h30, \u00e9 a vez do Grupo Palhast\u00f4nicos, com L\u00e9o Gaviole, Madson Jos\u00e9, Andressa Hazboun e Dalus Gon\u00e7alves, que convidam o p\u00fablico para uma grande \u201cBrincadeira de Palha\u00e7os\u201d, com malabarismo, equilibrismo, ilusionismo e n\u00fameros musicais. O circo, o teatro, a m\u00fasica e a rua s\u00e3o os componentes dessa dramaturgia inspirada em cl\u00e1ssicos da lona e aberta ao acaso do improviso.<br>Na sequ\u00eancia da programa\u00e7\u00e3o, \u00e0s 14h, Ivo Bernardo ministra oficina gratuita de inicia\u00e7\u00e3o ao circo. Criada em 2009, pelos artistas Ivo Bernardo e Dryele Soares, a Trupe Circ\u00f4nflexo circula por todo o estado do Rio de Janeiro com projetos que envolvem a arte p\u00fablica, ocupando pra\u00e7as e democratizando o acesso \u00e0 cultura circense. Na oficina, o aluno aprender\u00e1 a jogar tudo para o alto, sem perder o controle. Afinal, tudo que sobe, desce e o p\u00fablico vai querer aprender a n\u00e3o deixar chegar ao ch\u00e3o.<br>O evento ter\u00e1 seu encerramento, \u00e0s 16h, com o \u201cCabar\u00e9 Riso Solto\u201d. Nele, artistas do Festival Riso Solto apresentam suas proezas em n\u00fameros curtos de malabares, m\u00e1gica, m\u00fasica e comicidade. Um espet\u00e1culo no estilo dos tradicionais cabar\u00e9s de circo e palha\u00e7aria.<br>O Festival Riso Solto \u00e9 uma realiza\u00e7\u00e3o dos grupos Palhast\u00f4nicos, Malabaguita e Teatro Circense Andan\u00e7a, com coordena\u00e7\u00e3o de L\u00e9o Gaviole, Andressa Hazboun, Guilherme Avelino e Madson Jos\u00e9, tendo como proponente Talita Costa.<br>O evento est\u00e1 sendo realizado pelos recursos da Lei Paulo Gustavo, do Minist\u00e9rio da Cultura, com patroc\u00ednio do Instituto Municipal de Cultura e Prefeitura de Petr\u00f3polis, al\u00e9m de apoio Rosana Refei\u00e7\u00f5es, P\u00e3o do Luiz, SESC Rio e UNIFASE Petr\u00f3polis.<\/p>\n\n\n\n<p>Confira toda a programa\u00e7\u00e3o no Instagram @festivalrisosolto.<\/p>\n\n\n\n<p>SERVI\u00c7O:<br>Festival Riso Solto \u2013 4\u00ba Encontro de Palha\u00e7aria e Circo de Petr\u00f3polis<\/p>\n\n\n\n<p>\u00b7 S\u00e1bado (25\/05) &#8211; Pra\u00e7a de Cascatinha<\/p>\n\n\n\n<p>11h &#8211; Espet\u00e1culo J\u00e1 Vai Come\u00e7ar &#8211; Palha\u00e7o Monotom<\/p>\n\n\n\n<p>15h &#8211; Cortejo Riso Solto<\/p>\n\n\n\n<p>16h &#8211; Espet\u00e1culo Tive Uma Ideia &#8211; Malabaguita<\/p>\n\n\n\n<p>\u00b7 Domingo (26\/05) &#8211; Pra\u00e7a de Cascatinha<\/p>\n\n\n\n<p>11h30 &#8211; Espet\u00e1culo Brincadeira de Palhaces &#8211; Palhast\u00f4nicos<\/p>\n\n\n\n<p>14h &#8211; Oficina de inicia\u00e7\u00e3o ao circo &#8211; Ivo Bernardo<\/p>\n\n\n\n<p>16h &#8211; Cabar\u00e9 Riso Solto<\/p>\n\n\n\n<p>Gr\u00e1tis\/ Classifica\u00e7\u00e3o Livre<\/p>\n","protected":false},"excerpt":{"rendered":"<p>Cortejo circense, oficina e espet\u00e1culos s\u00e3o algumas atra\u00e7\u00f5es O Festival Riso Solto \u2013 4\u00ba Encontro<\/p>\n","protected":false},"author":1,"featured_media":39917,"comment_status":"closed","ping_status":"open","sticky":false,"template":"","format":"standard","meta":{"spay_email":"","footnotes":"","jetpack_publicize_message":""},"categories":[1],"tags":[],"jetpack_featured_media_url":"https:\/\/i2.wp.com\/jornaldeitaipava.com.br\/wp-content\/uploads\/2024\/05\/Cortejo-Riso-Solto-Foto-Ricardo-Costa_04-scaled.jpg?fit=2560%2C1707&ssl=1","jetpack_publicize_connections":[],"jetpack_sharing_enabled":true,"jetpack_likes_enabled":true,"jetpack-related-posts":[],"_links":{"self":[{"href":"https:\/\/jornaldeitaipava.com.br\/index.php\/wp-json\/wp\/v2\/posts\/39916"}],"collection":[{"href":"https:\/\/jornaldeitaipava.com.br\/index.php\/wp-json\/wp\/v2\/posts"}],"about":[{"href":"https:\/\/jornaldeitaipava.com.br\/index.php\/wp-json\/wp\/v2\/types\/post"}],"author":[{"embeddable":true,"href":"https:\/\/jornaldeitaipava.com.br\/index.php\/wp-json\/wp\/v2\/users\/1"}],"replies":[{"embeddable":true,"href":"https:\/\/jornaldeitaipava.com.br\/index.php\/wp-json\/wp\/v2\/comments?post=39916"}],"version-history":[{"count":1,"href":"https:\/\/jornaldeitaipava.com.br\/index.php\/wp-json\/wp\/v2\/posts\/39916\/revisions"}],"predecessor-version":[{"id":39918,"href":"https:\/\/jornaldeitaipava.com.br\/index.php\/wp-json\/wp\/v2\/posts\/39916\/revisions\/39918"}],"wp:featuredmedia":[{"embeddable":true,"href":"https:\/\/jornaldeitaipava.com.br\/index.php\/wp-json\/wp\/v2\/media\/39917"}],"wp:attachment":[{"href":"https:\/\/jornaldeitaipava.com.br\/index.php\/wp-json\/wp\/v2\/media?parent=39916"}],"wp:term":[{"taxonomy":"category","embeddable":true,"href":"https:\/\/jornaldeitaipava.com.br\/index.php\/wp-json\/wp\/v2\/categories?post=39916"},{"taxonomy":"post_tag","embeddable":true,"href":"https:\/\/jornaldeitaipava.com.br\/index.php\/wp-json\/wp\/v2\/tags?post=39916"}],"curies":[{"name":"wp","href":"https:\/\/api.w.org\/{rel}","templated":true}]}}