{"id":39922,"date":"2024-05-23T12:27:55","date_gmt":"2024-05-23T15:27:55","guid":{"rendered":"http:\/\/jornaldeitaipava.com.br\/?p=39922"},"modified":"2024-05-23T12:28:01","modified_gmt":"2024-05-23T15:28:01","slug":"colonia-de-ferias-firjan-sesi-esta-com-inscricoes-abertas-em-petropolis","status":"publish","type":"post","link":"https:\/\/jornaldeitaipava.com.br\/index.php\/2024\/05\/23\/colonia-de-ferias-firjan-sesi-esta-com-inscricoes-abertas-em-petropolis\/","title":{"rendered":"Col\u00f4nia de F\u00e9rias Firjan SESI est\u00e1 com inscri\u00e7\u00f5es abertas em Petr\u00f3polis"},"content":{"rendered":"\n<p class=\"has-text-align-center\"><strong>Crian\u00e7as de 4 a 14 anos podem participar de oficinas, jogos cooperativos, torneios esportivos e gincanas na unidade do Centro<\/strong><\/p>\n\n\n\n<p>A Col\u00f4nia de F\u00e9rias Firjan SESI est\u00e1 pronta para receber crian\u00e7as durante as f\u00e9rias escolares de inverno. Entre os dias 15 e 26\/07, ser\u00e1 oferecida programa\u00e7\u00e3o repleta de brincadeiras, oficinas, atividades esportivas e de lazer. As inscri\u00e7\u00f5es est\u00e3o abertas de 13\/05 a 15\/07 e podem ser feitas na pr\u00f3pria unidade da Firjan SESI &#8211; Rua Bar\u00e3o do Rio Branco, 2564 \u2013 Centro.<br>O diferencial da Col\u00f4nia de F\u00e9rias Firjan SESI est\u00e1 na programa\u00e7\u00e3o, com turmas divididas por faixa et\u00e1ria, para crian\u00e7as entre 4 e 14 anos, o que garante din\u00e2mica e aten\u00e7\u00e3o nas atividades. Elas ser\u00e3o divididas em turmas de 4 a 5 anos, 6 a 7 anos, 8 a 10 anos e 11 a 14 anos. A programa\u00e7\u00e3o inclui oficinas de culin\u00e1ria e alimenta\u00e7\u00e3o saud\u00e1vel, mindfulness kids e dan\u00e7a, al\u00e9m de diversas modalidades esportivas, como futebol e v\u00f4leibol, atividades maker (dobradura de papel e constru\u00e7\u00e3o de instrumentos musicais).<\/p>\n","protected":false},"excerpt":{"rendered":"<p>Crian\u00e7as de 4 a 14 anos podem participar de oficinas, jogos cooperativos, torneios esportivos e<\/p>\n","protected":false},"author":1,"featured_media":39923,"comment_status":"closed","ping_status":"open","sticky":false,"template":"","format":"standard","meta":{"spay_email":"","footnotes":"","jetpack_publicize_message":""},"categories":[24,9],"tags":[],"jetpack_featured_media_url":"https:\/\/i0.wp.com\/jornaldeitaipava.com.br\/wp-content\/uploads\/2024\/05\/Colonia-de-ferias_julho24_1-scaled.jpg?fit=2560%2C1707&ssl=1","jetpack_publicize_connections":[],"jetpack_sharing_enabled":true,"jetpack_likes_enabled":true,"jetpack-related-posts":[],"_links":{"self":[{"href":"https:\/\/jornaldeitaipava.com.br\/index.php\/wp-json\/wp\/v2\/posts\/39922"}],"collection":[{"href":"https:\/\/jornaldeitaipava.com.br\/index.php\/wp-json\/wp\/v2\/posts"}],"about":[{"href":"https:\/\/jornaldeitaipava.com.br\/index.php\/wp-json\/wp\/v2\/types\/post"}],"author":[{"embeddable":true,"href":"https:\/\/jornaldeitaipava.com.br\/index.php\/wp-json\/wp\/v2\/users\/1"}],"replies":[{"embeddable":true,"href":"https:\/\/jornaldeitaipava.com.br\/index.php\/wp-json\/wp\/v2\/comments?post=39922"}],"version-history":[{"count":1,"href":"https:\/\/jornaldeitaipava.com.br\/index.php\/wp-json\/wp\/v2\/posts\/39922\/revisions"}],"predecessor-version":[{"id":39924,"href":"https:\/\/jornaldeitaipava.com.br\/index.php\/wp-json\/wp\/v2\/posts\/39922\/revisions\/39924"}],"wp:featuredmedia":[{"embeddable":true,"href":"https:\/\/jornaldeitaipava.com.br\/index.php\/wp-json\/wp\/v2\/media\/39923"}],"wp:attachment":[{"href":"https:\/\/jornaldeitaipava.com.br\/index.php\/wp-json\/wp\/v2\/media?parent=39922"}],"wp:term":[{"taxonomy":"category","embeddable":true,"href":"https:\/\/jornaldeitaipava.com.br\/index.php\/wp-json\/wp\/v2\/categories?post=39922"},{"taxonomy":"post_tag","embeddable":true,"href":"https:\/\/jornaldeitaipava.com.br\/index.php\/wp-json\/wp\/v2\/tags?post=39922"}],"curies":[{"name":"wp","href":"https:\/\/api.w.org\/{rel}","templated":true}]}}