{"id":39928,"date":"2024-05-23T12:39:13","date_gmt":"2024-05-23T15:39:13","guid":{"rendered":"http:\/\/jornaldeitaipava.com.br\/?p=39928"},"modified":"2024-05-23T12:39:16","modified_gmt":"2024-05-23T15:39:16","slug":"20a-edicao-do-rio-das-ostras-jazz-blues-festival","status":"publish","type":"post","link":"https:\/\/jornaldeitaipava.com.br\/index.php\/2024\/05\/23\/20a-edicao-do-rio-das-ostras-jazz-blues-festival\/","title":{"rendered":"20\u00aa edi\u00e7\u00e3o do Rio das Ostras Jazz &amp; Blues Festival"},"content":{"rendered":"\n<p>Rio das Ostras Jazz &amp; Blues Festival comemora a 20\u00aa edi\u00e7\u00e3o com mais de 30 shows gratuitos, com m\u00fasicos nacionais e internacionais, no feriado de Corpus Christi, entre os dias 30 de maio e 2 de junho.<br>Os shows gratuitos acontecer\u00e3o em cinco palcos, localizados nos principais pontos tur\u00edsticos da Cidade: Concha Ac\u00fastica da Pra\u00e7a S\u00e3o Pedro (11h15), Lagoa de Iriry (14h30), Boca da Barra (17h15), Cidade do Jazz, em Costazul (20h) e Espa\u00e7o Arthur Maia, tamb\u00e9m dentro da Cidade do Jazz (20h30).<\/p>\n","protected":false},"excerpt":{"rendered":"<p>Rio das Ostras Jazz &amp; Blues Festival comemora a 20\u00aa edi\u00e7\u00e3o com mais de 30<\/p>\n","protected":false},"author":1,"featured_media":9869,"comment_status":"closed","ping_status":"open","sticky":false,"template":"","format":"standard","meta":{"spay_email":"","footnotes":"","jetpack_publicize_message":""},"categories":[5],"tags":[],"jetpack_featured_media_url":"https:\/\/i0.wp.com\/jornaldeitaipava.com.br\/wp-content\/uploads\/2021\/02\/rio-das-ostras.jpg?fit=520%2C332&ssl=1","jetpack_publicize_connections":[],"jetpack_sharing_enabled":true,"jetpack_likes_enabled":true,"jetpack-related-posts":[],"_links":{"self":[{"href":"https:\/\/jornaldeitaipava.com.br\/index.php\/wp-json\/wp\/v2\/posts\/39928"}],"collection":[{"href":"https:\/\/jornaldeitaipava.com.br\/index.php\/wp-json\/wp\/v2\/posts"}],"about":[{"href":"https:\/\/jornaldeitaipava.com.br\/index.php\/wp-json\/wp\/v2\/types\/post"}],"author":[{"embeddable":true,"href":"https:\/\/jornaldeitaipava.com.br\/index.php\/wp-json\/wp\/v2\/users\/1"}],"replies":[{"embeddable":true,"href":"https:\/\/jornaldeitaipava.com.br\/index.php\/wp-json\/wp\/v2\/comments?post=39928"}],"version-history":[{"count":1,"href":"https:\/\/jornaldeitaipava.com.br\/index.php\/wp-json\/wp\/v2\/posts\/39928\/revisions"}],"predecessor-version":[{"id":39929,"href":"https:\/\/jornaldeitaipava.com.br\/index.php\/wp-json\/wp\/v2\/posts\/39928\/revisions\/39929"}],"wp:featuredmedia":[{"embeddable":true,"href":"https:\/\/jornaldeitaipava.com.br\/index.php\/wp-json\/wp\/v2\/media\/9869"}],"wp:attachment":[{"href":"https:\/\/jornaldeitaipava.com.br\/index.php\/wp-json\/wp\/v2\/media?parent=39928"}],"wp:term":[{"taxonomy":"category","embeddable":true,"href":"https:\/\/jornaldeitaipava.com.br\/index.php\/wp-json\/wp\/v2\/categories?post=39928"},{"taxonomy":"post_tag","embeddable":true,"href":"https:\/\/jornaldeitaipava.com.br\/index.php\/wp-json\/wp\/v2\/tags?post=39928"}],"curies":[{"name":"wp","href":"https:\/\/api.w.org\/{rel}","templated":true}]}}