{"id":39930,"date":"2024-05-23T12:41:28","date_gmt":"2024-05-23T15:41:28","guid":{"rendered":"http:\/\/jornaldeitaipava.com.br\/?p=39930"},"modified":"2024-05-23T12:41:32","modified_gmt":"2024-05-23T15:41:32","slug":"vereadores-querem-que-rpas-da-saude-sejam-contratados-sob-regime-clt","status":"publish","type":"post","link":"https:\/\/jornaldeitaipava.com.br\/index.php\/2024\/05\/23\/vereadores-querem-que-rpas-da-saude-sejam-contratados-sob-regime-clt\/","title":{"rendered":"Vereadores querem que RPAs da Sa\u00fade sejam contratados sob regime CLT"},"content":{"rendered":"\n<p>A C\u00e2mara Municipal aprovou, em sess\u00e3o plen\u00e1ria desta ter\u00e7a-feira (21), uma indica\u00e7\u00e3o legislativa de autoria dos vereadores Domingos Protetor e Dr. Mauro Peralta que sugere a transforma\u00e7\u00e3o dos contratos de RPA (Regime de Pagamento Aut\u00f4nomo) da Secretaria de Sa\u00fade de Petr\u00f3polis em contratos de trabalho, nos termos da Lei Municipal n\u00ba 5.014\/1993, para a devida valoriza\u00e7\u00e3o dos profissionais desta \u00e1rea.<br>\u201cA Secretaria de Sa\u00fade possui v\u00e1rios profissionais, entre m\u00e9dicos, enfermeiros e outros, contratados sob o Regime de Pagamento Aut\u00f4nomo, modalidade de contrato de trabalho que n\u00e3o gera v\u00ednculo de emprego nos termos da CLT (Consolida\u00e7\u00e3o das Leis do Trabalho). Apesar de recolher a contribui\u00e7\u00e3o devida ao INSS e \u00e0 Receita Federal, eles n\u00e3o possuem, portanto, direitos como o 13\u00ba sal\u00e1rio, f\u00e9rias e seguro-desemprego\u201d, explica o vereador Domingos Protetor.<br>A indica\u00e7\u00e3o legislativa ressalta que o par\u00e1grafo 3\u00ba, do artigo 1\u00ba, da Lei Municipal n\u00ba 5.014\/1993, disp\u00f5e sobre a contrata\u00e7\u00e3o por tempo determinado para atender \u00e0 necessidade tempor\u00e1ria e de excepcional interesse p\u00fablicos. Neste caso, as contrata\u00e7\u00f5es s\u00e3o firmadas pelo Poder Executivo, atrav\u00e9s da Secretaria Municipal de Administra\u00e7\u00e3o, sob o Regime de Contrato Administrativo de presta\u00e7\u00e3o de Servi\u00e7os, regidos pela Consolida\u00e7\u00e3o das Leis do Trabalho \u2013 CLT.<br>\u201c\u00c9 de suma import\u00e2ncia que estes profissionais que, pela natureza de seu trabalho, s\u00e3o submetidos a uma rotina estressante e desgastante, tenham um regime de trabalho que lhes conceda a valoriza\u00e7\u00e3o e respeito que merecem. E a forma que ser\u00e1 poss\u00edvel alcan\u00e7ar este objetivo \u00e9 com a contrata\u00e7\u00e3o nos termos da Lei supramencionada\u201d, defende o vereador Dr. Mauro Peralta.<br>A proposta segue para an\u00e1lise do Poder Executivo.<\/p>\n","protected":false},"excerpt":{"rendered":"<p>A C\u00e2mara Municipal aprovou, em sess\u00e3o plen\u00e1ria desta ter\u00e7a-feira (21), uma indica\u00e7\u00e3o legislativa de autoria<\/p>\n","protected":false},"author":1,"featured_media":39931,"comment_status":"closed","ping_status":"open","sticky":false,"template":"","format":"standard","meta":{"spay_email":"","footnotes":"","jetpack_publicize_message":""},"categories":[2],"tags":[],"jetpack_featured_media_url":"https:\/\/i0.wp.com\/jornaldeitaipava.com.br\/wp-content\/uploads\/2024\/05\/WhatsApp-Image-2024-05-21-at-17.56.43.jpeg?fit=1600%2C900&ssl=1","jetpack_publicize_connections":[],"jetpack_sharing_enabled":true,"jetpack_likes_enabled":true,"jetpack-related-posts":[],"_links":{"self":[{"href":"https:\/\/jornaldeitaipava.com.br\/index.php\/wp-json\/wp\/v2\/posts\/39930"}],"collection":[{"href":"https:\/\/jornaldeitaipava.com.br\/index.php\/wp-json\/wp\/v2\/posts"}],"about":[{"href":"https:\/\/jornaldeitaipava.com.br\/index.php\/wp-json\/wp\/v2\/types\/post"}],"author":[{"embeddable":true,"href":"https:\/\/jornaldeitaipava.com.br\/index.php\/wp-json\/wp\/v2\/users\/1"}],"replies":[{"embeddable":true,"href":"https:\/\/jornaldeitaipava.com.br\/index.php\/wp-json\/wp\/v2\/comments?post=39930"}],"version-history":[{"count":1,"href":"https:\/\/jornaldeitaipava.com.br\/index.php\/wp-json\/wp\/v2\/posts\/39930\/revisions"}],"predecessor-version":[{"id":39932,"href":"https:\/\/jornaldeitaipava.com.br\/index.php\/wp-json\/wp\/v2\/posts\/39930\/revisions\/39932"}],"wp:featuredmedia":[{"embeddable":true,"href":"https:\/\/jornaldeitaipava.com.br\/index.php\/wp-json\/wp\/v2\/media\/39931"}],"wp:attachment":[{"href":"https:\/\/jornaldeitaipava.com.br\/index.php\/wp-json\/wp\/v2\/media?parent=39930"}],"wp:term":[{"taxonomy":"category","embeddable":true,"href":"https:\/\/jornaldeitaipava.com.br\/index.php\/wp-json\/wp\/v2\/categories?post=39930"},{"taxonomy":"post_tag","embeddable":true,"href":"https:\/\/jornaldeitaipava.com.br\/index.php\/wp-json\/wp\/v2\/tags?post=39930"}],"curies":[{"name":"wp","href":"https:\/\/api.w.org\/{rel}","templated":true}]}}