{"id":39933,"date":"2024-05-23T12:44:48","date_gmt":"2024-05-23T15:44:48","guid":{"rendered":"http:\/\/jornaldeitaipava.com.br\/?p=39933"},"modified":"2024-05-23T13:09:06","modified_gmt":"2024-05-23T16:09:06","slug":"festival-gastronomico-alemao-vai-ate-domingo-26-de-maio","status":"publish","type":"post","link":"https:\/\/jornaldeitaipava.com.br\/index.php\/2024\/05\/23\/festival-gastronomico-alemao-vai-ate-domingo-26-de-maio\/","title":{"rendered":"Festival Gastron\u00f4mico alem\u00e3o vai at\u00e9 domingo"},"content":{"rendered":"\n<p>Quem est\u00e1 ansioso pelos sabores da 35\u00aa Bauernfest (21 de junho a 7 de julho), pode se antecipar e apreciar o Festival Gastron\u00f4mico Alem\u00e3o, que re\u00fane mais de 20 estabelecimentos na cidade, que prepararam pratos e bebidas especiais sob a influ\u00eancia da culin\u00e1ria germ\u00e2nica. O festival segue at\u00e9 domingo, 26 de maio.<br>O evento faz parte das comemora\u00e7\u00f5es dos 200 anos da chegada dos primeiros imigrantes alem\u00e3es ao Brasil e busca exaltar a culin\u00e1ria alem\u00e3. O festival gastron\u00f4mico \u00e9 promovido pela Prefeitura de Petr\u00f3polis, por meio da Secretaria de Turismo, em parceria com o Petr\u00f3polis Convention &amp; Visitiors e Bureau e a Comiss\u00e3o das Comemora\u00e7\u00f5es dos 200 anos da Imigra\u00e7\u00e3o Germ\u00e2nica.<br>Entre os estabelecimentos participantes, est\u00e3o restaurantes, bistr\u00f4s, bares, confeitarias, chocolaterias e cervejarias, que est\u00e3o oferecendo, juntos, mais de 28 op\u00e7\u00f5es de pratos e sobremesas da culin\u00e1ria alem\u00e3, produtos e cervejas locais nas categorias: Prato t\u00edpico; Sobremesa; Produto embalado e Cerveja.<br>Confira os estabelecimentos participantes:<\/p>\n\n\n\n<p>Amarolatte Caf\u00e9 e Bistr\u00f4<br>Av. Dom Pedro I, 91 &#8211; Centro<br>(24) 2020-5014 (24) 98833-8843<br>@amarolattee<br>Culin\u00e1ria T\u00edpica &#8211; Eisbein assado num molho especial da casa.<\/p>\n\n\n\n<p>Brassaria Matriz<br>Rua Dr. Agostinho Goul\u00e3o, 632 &#8211; Corr\u00eaas<br>(24) 98177-2323 (24) 98177-2323<br>@brassaria.matriz<br>\/brassaria.matriz<\/p>\n\n\n\n<p>Cerveja &#8211; VERANEAR &#8211; Gose com goiaba e maracuj\u00e1, ABV 4,5% (teor alco\u00f3lico), IBU 7 (amargor), EBC 6 (cor).<\/p>\n\n\n\n<p>Casa do Alem\u00e3o &#8211; QUITANDINHA<br>Av. Ayrton Senna, 927 \u2013 Quitandinha<br>(24) 2233-0200 (24) 2233-0200<br>https:\/\/www.casadoalemao.com.br\/<br>@casadoalemaooficial<br>\/casadoalemao<br>Culin\u00e1ria T\u00edpica &#8211; Sanduiche de Lombinho Defumado<\/p>\n\n\n\n<p>Casa do Alem\u00e3o &#8211; 16 de mar\u00e7o<br>Rua 16 de mar\u00e7o, 138 \u2013 Centro<br>(24) 2242-4533 (24) 2242-4533<br>https:\/\/www.casadoalemao.com.br\/<br>@casadoalemaooficial<br>\/casadoalemao<br>Sobremesa &#8211; P\u00e3o de Mel e Apfelstrudel<br>Produtos Embalados \u00ac- Salsichas<\/p>\n\n\n\n<p>Cervejaria Brewpoint<br>Rua Gal. Rondon, 1310 \u2013 Quitandinha<br>(24) 3065-3206 \/ 2247-9182 (24) 99246-0110<br>www.cervejariabrewpoint.com.br<br>@cervejariabrewpoint<br>\/cervejariabrewpoint<br>Cerveja \u2013 Dunkel &#8211; Ela Possui 5,0% de teor alco\u00f3lico e 22 de IBU.<\/p>\n\n\n\n<p>Churrascaria Maj\u00f3rica<br>Rua do Imperador, 754 &#8211; Centro<br>(24) 2242-2498 (24) 99271-0226<br>www.majorica.com.br<br>@majoricapetropolis<br>\/majoricachurrascariapetropolis<br>Culin\u00e1ria T\u00edpica &#8211; Lombo su\u00edno assado com molho de ma\u00e7\u00e3 verde, acompanhado de bolinhos da Tur\u00edngia (bolinhos de pur\u00ea de batata recheados com crounton).<\/p>\n\n\n\n<p>Casar\u00e3o da Cervejaria Odin<br>Rua Alfredo Pach\u00e1, 320 &#8211; Centro<br>(24) 2245-9629 (24) 2245-9629<br>www.cervejariaodin.com.br<br>@casaraodaodin<br>\/casaraodaodin<br>Culin\u00e1ria T\u00edpica &#8211; Tradicional joelho alem\u00e3o defumado + compota adocicada de ma\u00e7a com canela e uma salada fresca de repolho, aipo, ma\u00e7as e maionese caseira.<\/p>\n\n\n\n<p>Cervejaria Bohemia<br>Rua Alfredo Pach\u00e1, 166 &#8211; Centro<br>(24) 2020-9068 (24) 2020-9068<br>www.bohemiapuromalte.com.br<br>@cervejariabohemia<br>\/CervejariaBohemia<br>Culin\u00e1ria T\u00edpica &#8211; SCHNITZEL EM TIRAS<br>Cerveja &#8211; Bohemia 14-Weiss<\/p>\n\n\n\n<p>Escrit\u00f3rio Bar e Pizzaria<br>Rua Casimiro de Abreu, 70 \u2013 Centro<br>(24) 2237-8526 (24) 2237-8526 ou (24) 99298-1020<br>@escritorio_barepizzaria<br>\/escritoriobarepizzariaa<br>Culin\u00e1ria T\u00edpica \u2013 Croquete Alem\u00e3o<br>Sobremesa \u2013 P\u00e3o de mel e p\u00e3o de mel com sorvete<\/p>\n\n\n\n<p>Fam\u00edlia Scharder \u2013 Restaurante Alem\u00e3o<br>Rua Alfredo Pach\u00e1, 100 &#8211; Centro<br>(24) 99294-5054 (24) 99294-5054<br>@familiascharderessen<br>\/familiascharder<br>Culin\u00e1ria T\u00edpica &#8211; Hackbraten &#8211; Bolo de carne recheado, com pure de batatas com queijo, ervilhas e cenoura salteados.<\/p>\n\n\n\n<p>Katz Chocolates<br>Rua Bar\u00e3o de Amazonas, 85 \u2013 Centro Hist\u00f3rico<br>(24) 2237-2061 (24)99264-6204<br>www.produtoskatz.com.br<br>@katz_loja85<br>\/KatzChocolateBR<br>Sobremesa &#8211; Strudell de Ma\u00e7\u00e3 e Torta Alem\u00e3 Tradicional<\/p>\n\n\n\n<p>Massa Leve Restaurante<br>Rua Professor Cardoso Fontes, 5 \u2013 Castel\u00e2nea<br>(24) 2231-5049 (24) 99859-2590<br>@massaleverestaurante<br>\/massaleverestaurante<br>Sobremesa &#8211; Apfelstrudel &#8211; massa folhada com receio de ma\u00e7\u00e3 e passas, finalizado com a\u00e7\u00facar e canela.<\/p>\n\n\n\n<p>Pousada La Belle Provence<br>Rua S\u00e3o Paulo, 89 &#8211; Nogueira<br>(24) 98143-7379 (24) 98143-7379<br>ww.labelleprovence.com.br<br>@pousadalabelleprovence<br>Culin\u00e1ria T\u00edpica \u2013 Sauerbraten (Carne cozida) com o acompanhamento, Bratkartoffeln (batatas cozidas e depois fritas, regadas com azeite, bacon e cebola e cheiro verde).<br>Sobremesa &#8211; Rote gr\u00fctze<\/p>\n\n\n\n<p>Petiscaria Imperial<br>Rua Dr. Nelson de S\u00e1 Earp, 307 &#8211; Centro<br>(24) 2231-1379 (24) 2231-1379<br>@petiscariaimperial\/<br>\/petiscariaimperialpetropolis<br>Sobremesa \u2013 Sorvete Torta Alem\u00e3 e Sorvete Floresta Negra<\/p>\n\n\n\n<p>Restaurante Camar\u00e3o em Penca<br>Estrada Uni\u00e3o e Ind\u00fastria, 10290<br>(24) 98828-1146 (24) 98828-1146<br>www.camaraoempenca.com.br<br>@camaraoempenca<br>\/camaraoempenca<\/p>\n\n\n\n<p>Sobremesa &#8211; Mil folhas de doce de leite<\/p>\n\n\n\n<p>Sargento Pimenta<br>Estrada Uni\u00e3o e Ind\u00fastria, 10035 \u2013 Vilarejo &#8211; Itaipava<br>(24) 98807-8863 (24) 99213-5920<br>@sargentopimenta2024<br>Culin\u00e1ria T\u00edpica &#8211; Schnitzel &amp; Bratkartoffeln.<\/p>\n\n\n\n<p>Sampler Brew House<br>Av. Sete de Abril, 557 &#8211; Centro<br>(24) 99228-1010 (24) 99228-1010<br>www.sampler.com.br<br>@samplerbrew<br>\/samplerbrew<br>Cerveja &#8211; Cerveja Schwarzbier<br>Cerveja &#8211; Weizenbock &#8211; Uma ale com base de trigo, forte, maltada e frutada, combinando os melhores sabores do malte e da levedura com um rico sabor intenso, corpo m\u00e9dio-alto e sabores de p\u00e3o, de trigo e gr\u00e3os, bem significativos.<br>Produto &#8211; Caneca de Chope com Tirante Exclusivo Bauernfest:<br>Culin\u00e1ria T\u00edpica &#8211; Joelho de porco defumado com salada de batatas e chucrute<\/p>\n\n\n\n<p>The Pub Doutor Duranz<br>Av. Sete de Abril, 368 \u2013 Centro<br>(24) 3065-3934 (24) 3065-3934<br>www.doutorduranz.com.br<br>@doutorduranz<br>\/doutorduranz<br>Culin\u00e1ria T\u00edpica &#8211; Croquete de Joelho de Porco Defumado (Eisbein<\/p>\n\n\n\n<p>Villa Colonus<br>Rua Professor Cardoso Fontes, 108<br>(24) 99904-0664<br>www.cervejariacolonus.com.br<br>@cervejariacolonus<br>\/cervejariacolonus<br>Culin\u00e1ria T\u00edpica &#8211; Croquetes, salsich\u00f5es e chope German Pils.<\/p>\n\n\n\n<p>Viva La Vida Granja Brasil<br>Estrada Uni\u00e3o e Industria, 9153 \u2013 Itaipava<br>(24) 99948-9480<br>@granjabrasil<br>Sobremesa &#8211; Krapfen<\/p>\n\n\n\n<p>Willemsen Confeitaria<br>Rua Visconde de Uruguai, 71<br>(24) 2243-9439<br>www.willemsen.com.br<br>@confeitariawillemsen<br>\/confeitariawillemsen<br>Sobremesa &#8211; Apfelstrudel de ma\u00e7\u00e3<\/p>\n\n\n\n<p>Mais informa\u00e7\u00f5es:<br>site www.petropolis.rj.gov.br\/turispetro\/<br>Instagran @turismo.petropolis<br>Site www.visitepetropolis.com.br<br>Instagran @visitepetropolis<br>Disque Turismo:<br>0800 450 7070<br>Whatsapp: 24 2237-3321<\/p>\n","protected":false},"excerpt":{"rendered":"<p>Quem est\u00e1 ansioso pelos sabores da 35\u00aa Bauernfest (21 de junho a 7 de julho),<\/p>\n","protected":false},"author":1,"featured_media":39934,"comment_status":"closed","ping_status":"open","sticky":false,"template":"","format":"standard","meta":{"spay_email":"","footnotes":"","jetpack_publicize_message":""},"categories":[42],"tags":[],"jetpack_featured_media_url":"https:\/\/i1.wp.com\/jornaldeitaipava.com.br\/wp-content\/uploads\/2024\/05\/WhatsApp-Image-2024-05-23-at-10.14.18.jpeg?fit=457%2C340&ssl=1","jetpack_publicize_connections":[],"jetpack_sharing_enabled":true,"jetpack_likes_enabled":true,"jetpack-related-posts":[],"_links":{"self":[{"href":"https:\/\/jornaldeitaipava.com.br\/index.php\/wp-json\/wp\/v2\/posts\/39933"}],"collection":[{"href":"https:\/\/jornaldeitaipava.com.br\/index.php\/wp-json\/wp\/v2\/posts"}],"about":[{"href":"https:\/\/jornaldeitaipava.com.br\/index.php\/wp-json\/wp\/v2\/types\/post"}],"author":[{"embeddable":true,"href":"https:\/\/jornaldeitaipava.com.br\/index.php\/wp-json\/wp\/v2\/users\/1"}],"replies":[{"embeddable":true,"href":"https:\/\/jornaldeitaipava.com.br\/index.php\/wp-json\/wp\/v2\/comments?post=39933"}],"version-history":[{"count":2,"href":"https:\/\/jornaldeitaipava.com.br\/index.php\/wp-json\/wp\/v2\/posts\/39933\/revisions"}],"predecessor-version":[{"id":39948,"href":"https:\/\/jornaldeitaipava.com.br\/index.php\/wp-json\/wp\/v2\/posts\/39933\/revisions\/39948"}],"wp:featuredmedia":[{"embeddable":true,"href":"https:\/\/jornaldeitaipava.com.br\/index.php\/wp-json\/wp\/v2\/media\/39934"}],"wp:attachment":[{"href":"https:\/\/jornaldeitaipava.com.br\/index.php\/wp-json\/wp\/v2\/media?parent=39933"}],"wp:term":[{"taxonomy":"category","embeddable":true,"href":"https:\/\/jornaldeitaipava.com.br\/index.php\/wp-json\/wp\/v2\/categories?post=39933"},{"taxonomy":"post_tag","embeddable":true,"href":"https:\/\/jornaldeitaipava.com.br\/index.php\/wp-json\/wp\/v2\/tags?post=39933"}],"curies":[{"name":"wp","href":"https:\/\/api.w.org\/{rel}","templated":true}]}}