{"id":39936,"date":"2024-05-23T12:46:46","date_gmt":"2024-05-23T15:46:46","guid":{"rendered":"http:\/\/jornaldeitaipava.com.br\/?p=39936"},"modified":"2024-05-23T12:46:48","modified_gmt":"2024-05-23T15:46:48","slug":"tire-suas-duvidas-e-envie-corretamente-seu-imposto-de-renda-2024-para-receita-federal","status":"publish","type":"post","link":"https:\/\/jornaldeitaipava.com.br\/index.php\/2024\/05\/23\/tire-suas-duvidas-e-envie-corretamente-seu-imposto-de-renda-2024-para-receita-federal\/","title":{"rendered":"Tire suas d\u00favidas e envie corretamente seu Imposto de Renda 2024 para Receita Federal"},"content":{"rendered":"\n<p class=\"has-text-align-center\"><strong>Est\u00e1cio oferece servi\u00e7os gratuitos para quem vai fazer a declara\u00e7\u00e3o do IR Pessoa F\u00edsica<\/strong><\/p>\n\n\n\n<p>O prazo para entrega da declara\u00e7\u00e3o de Imposto de Renda para Pessoa F\u00edsica (IRPF) ser\u00e1 de 15 de mar\u00e7o a 31 de maio, e quem n\u00e3o enviar neste prazo poder\u00e1 pagar multas. Em 2024, temos algumas novidades na obrigatoriedade de entrega, como: o limite de rendimentos tribut\u00e1veis passou para R$ 30.639,90; o limite de rendimentos isentos e n\u00e3o tribut\u00e1veis mudou de R$ 40 mil para R$ 200 mil; a Receita Bruta da atividade Rural agora \u00e9 de R$ 153.199,50 e a Posse ou propriedade de bens e direitos passou para R$ 800 mil. Novamente neste ano, a Est\u00e1cio oferecer\u00e1 servi\u00e7os gratuitos para quem vai declarar e entregar seu imposto de renda. Para buscar mais informa\u00e7\u00f5es e solicitar os servi\u00e7os, os interessados poder\u00e3o enviar mensagens por meio do endere\u00e7o eletr\u00f4nico: naf.digital@estacio.br<br>O N\u00facleo de Atendimento Fiscal (NAF) Digital da Est\u00e1cio possibilita que cidad\u00e3os de todo o pa\u00eds possam contar com diversos servi\u00e7os digitais gratuitos. Entre eles, destacam-se o preenchimento, a declara\u00e7\u00e3o e o envio do Imposto de Renda Pessoa F\u00edsica 2024 (IRPF) \u2013 DIRPF, an\u00e1lise da malha, emiss\u00e3o e regulariza\u00e7\u00e3o de CPF, CNPJ, Microempreendedor Individual (MEI), E-Social, Simples Nacional, PERDCOMP, C\u00f3digo E-CAC, an\u00e1lise de Situa\u00e7\u00e3o Fiscal, REDESIM, Certid\u00f5es Negativas, Parcelamentos, Emiss\u00f5es de DARF e outras a\u00e7\u00f5es inerentes ao site da Receita Federal. O atendimento remoto \u00e9 oferecido pelo Polo de Ensino Digital da Est\u00e1cio Tom Jobim por meio de parceria com a Receita Federal do Brasil \u2013 Delegacia Regional do Rio de Janeiro.<br>Segundo Stephanie Kalynka, L\u00edder Nacional da \u00c1rea de Neg\u00f3cios da Est\u00e1cio, toda pessoa f\u00edsica residente no Brasil que recebeu rendimentos tribut\u00e1veis acima de R$ 30.639,90, no ano anterior; que recebeu rendimentos isentos, n\u00e3o tribut\u00e1veis ou tributados exclusivamente na fonte acima de R$ 200 mil, como por exemplo FGTS, Indeniza\u00e7\u00f5es trabalhistas, pens\u00e3o aliment\u00edcia; e que obteve, em qualquer m\u00eas, ganho de capital na aliena\u00e7\u00e3o de bens ou direitos sujeito \u00e0 incid\u00eancia do Imposto, dever\u00e3o prestar contas \u00e0 Receita Federal. Deve ainda declarar o IRPF em 2024 quem tinha, em 31 de dezembro, a posse ou a propriedade de bens ou direitos de valor total superior a R$ 800 mil. J\u00e1 \u00e0queles que efetuaram opera\u00e7\u00f5es em bolsas de valores, de mercadorias, de futuros e assemelhadas, ficam obrigados apenas quem, no ano-calend\u00e1rio, realizou somat\u00f3rio de vendas superior a R$ 40 mil ou com apura\u00e7\u00e3o de ganhos l\u00edquidos sujeitos ao imposto.<br>Com rela\u00e7\u00e3o \u00e0 atividade rural tamb\u00e9m deve declarar o cidad\u00e3o que obteve receita bruta em valor superior a R$ 153.199,50 e os que pretende compensar preju\u00edzos. Assim como tamb\u00e9m est\u00e1 obrigado a entregar da Declara\u00e7\u00e3o quem passou \u00e0 condi\u00e7\u00e3o de residente no Brasil em qualquer m\u00eas e nessa condi\u00e7\u00e3o encontrava-se em 31 de dezembro. E por fim, est\u00e1 obrigado a entregar a Declara\u00e7\u00e3o quem optou pela isen\u00e7\u00e3o do Imposto sobre a Renda incidente sobre o ganho de capital auferido na venda de im\u00f3veis residenciais, caso o produto da venda seja aplicado na aquisi\u00e7\u00e3o de im\u00f3veis residenciais localizados no Pa\u00eds, no prazo de 180 dias, contado da celebra\u00e7\u00e3o do contrato de venda.<br>\u201cO NAF \u00e9 uma iniciativa de suma import\u00e2ncia para os nossos estudantes, pois eles aprendem na pr\u00e1tica e ainda ajudam a institui\u00e7\u00e3o de ensino superior a cumprir seu papel social. Nossos alunos vivenciam a profiss\u00e3o que escolheram e realizam o atendimento ao p\u00fablico de uma forma bem humanizada. N\u00e3o temos d\u00favida de que com essa experi\u00eancia suas carreiras ficar\u00e3o ainda mais fortalecidas\u201d, afirma Stephanie.<\/p>\n\n\n\n<p><strong>Atendimentos virtuais<br><\/strong>Entre 15 de mar\u00e7o e 14 de junho, o NAF Digital da Est\u00e1cio estar\u00e1 dispon\u00edvel para tirar d\u00favidas dos cidad\u00e3os e ajudar os contribuintes, dando esclarecimento, preenchendo o documento e enviando a declara\u00e7\u00e3o. Os contribuintes de todas as partes do pa\u00eds poder\u00e3o enviar mensagens, tirando suas d\u00favidas, por meio do endere\u00e7o eletr\u00f4nico: naf.digital@estacio.br<\/p>\n","protected":false},"excerpt":{"rendered":"<p>Est\u00e1cio oferece servi\u00e7os gratuitos para quem vai fazer a declara\u00e7\u00e3o do IR Pessoa F\u00edsica O<\/p>\n","protected":false},"author":1,"featured_media":26223,"comment_status":"closed","ping_status":"open","sticky":false,"template":"","format":"standard","meta":{"spay_email":"","footnotes":"","jetpack_publicize_message":""},"categories":[2],"tags":[],"jetpack_featured_media_url":"https:\/\/i0.wp.com\/jornaldeitaipava.com.br\/wp-content\/uploads\/2022\/03\/imposto-renda.jpg?fit=318%2C159&ssl=1","jetpack_publicize_connections":[],"jetpack_sharing_enabled":true,"jetpack_likes_enabled":true,"jetpack-related-posts":[],"_links":{"self":[{"href":"https:\/\/jornaldeitaipava.com.br\/index.php\/wp-json\/wp\/v2\/posts\/39936"}],"collection":[{"href":"https:\/\/jornaldeitaipava.com.br\/index.php\/wp-json\/wp\/v2\/posts"}],"about":[{"href":"https:\/\/jornaldeitaipava.com.br\/index.php\/wp-json\/wp\/v2\/types\/post"}],"author":[{"embeddable":true,"href":"https:\/\/jornaldeitaipava.com.br\/index.php\/wp-json\/wp\/v2\/users\/1"}],"replies":[{"embeddable":true,"href":"https:\/\/jornaldeitaipava.com.br\/index.php\/wp-json\/wp\/v2\/comments?post=39936"}],"version-history":[{"count":1,"href":"https:\/\/jornaldeitaipava.com.br\/index.php\/wp-json\/wp\/v2\/posts\/39936\/revisions"}],"predecessor-version":[{"id":39937,"href":"https:\/\/jornaldeitaipava.com.br\/index.php\/wp-json\/wp\/v2\/posts\/39936\/revisions\/39937"}],"wp:featuredmedia":[{"embeddable":true,"href":"https:\/\/jornaldeitaipava.com.br\/index.php\/wp-json\/wp\/v2\/media\/26223"}],"wp:attachment":[{"href":"https:\/\/jornaldeitaipava.com.br\/index.php\/wp-json\/wp\/v2\/media?parent=39936"}],"wp:term":[{"taxonomy":"category","embeddable":true,"href":"https:\/\/jornaldeitaipava.com.br\/index.php\/wp-json\/wp\/v2\/categories?post=39936"},{"taxonomy":"post_tag","embeddable":true,"href":"https:\/\/jornaldeitaipava.com.br\/index.php\/wp-json\/wp\/v2\/tags?post=39936"}],"curies":[{"name":"wp","href":"https:\/\/api.w.org\/{rel}","templated":true}]}}