{"id":39938,"date":"2024-05-23T12:53:09","date_gmt":"2024-05-23T15:53:09","guid":{"rendered":"http:\/\/jornaldeitaipava.com.br\/?p=39938"},"modified":"2024-05-23T12:53:16","modified_gmt":"2024-05-23T15:53:16","slug":"festa-de-aniversario-afro-serra-11-anos-casa-de-cultura-afro-serra-5-anos","status":"publish","type":"post","link":"https:\/\/jornaldeitaipava.com.br\/index.php\/2024\/05\/23\/festa-de-aniversario-afro-serra-11-anos-casa-de-cultura-afro-serra-5-anos\/","title":{"rendered":"FESTA DE ANIVERS\u00c1RIO AFRO SERRA 11 ANOS | CASA DE CULTURA AFRO SERRA 5 ANOS"},"content":{"rendered":"\n<p>Maio \u00e9 o m\u00eas de anivers\u00e1rio do Afro Serra e para comemorar essa data, nosso coletivo, com a ajuda dos amigos e colaboradores, preparou uma programa\u00e7\u00e3o repleta de atividades para o p\u00fablico de todas as idades.<br>O Afro Serra \u00e9 um coletivo criado em 13\/05\/2013 (11 anos) e que com muita determina\u00e7\u00e3o, conseguiu fundar sua Casa de Cultura em 13\/05\/2019 (5 anos).<br>Desde ent\u00e3o o coletivo desenvolve diversas atividades voltadas para a Cultura Afro Brasileira, principalmente o Jongo, dan\u00e7a ancestral, criada nas senzalas pelos escravizados de origem Bantu.<br>O Jongo \u00e9 Patrim\u00f4nio Cultural Imaterial, reconhecido pelo IPHAN e representa a regi\u00e3o sudeste.<br>Programa\u00e7\u00e3o Casa de Cultura Afro Serra:<br>&#8211; 23\/05 \u2013 Oficina de Latofones | Joaquim de Paula | Alunos da Escola Municipal S\u00e3o Judas Tadeu | 9h.<br>&#8211; 24\/05 \u2013 Pe\u00e7a P\u00e9rola | Cia Satura de Teatro| Dire\u00e7\u00e3o Fred Justen | Alunos da Escola Municipal Salvador Kling. (Integra\u00e7\u00e3o entre coletivos e espa\u00e7os culturais) | 9h.<br>&#8211; 25\/05 \u2013 Oficina de Latofones | Joaquim de Paula | Profissionais da Educa\u00e7\u00e3o, Terapeutas, P\u00fablico em Geral | 9h.<br>&#8211; 26\/05 \u2013 Festa do Afro Serra | Roda de Jongo | Roda de Samba | 14h.<\/p>\n","protected":false},"excerpt":{"rendered":"<p>Maio \u00e9 o m\u00eas de anivers\u00e1rio do Afro Serra e para comemorar essa data, nosso<\/p>\n","protected":false},"author":1,"featured_media":39939,"comment_status":"closed","ping_status":"open","sticky":false,"template":"","format":"standard","meta":{"spay_email":"","footnotes":"","jetpack_publicize_message":""},"categories":[1],"tags":[],"jetpack_featured_media_url":"https:\/\/i1.wp.com\/jornaldeitaipava.com.br\/wp-content\/uploads\/2024\/05\/afro.png?fit=489%2C266&ssl=1","jetpack_publicize_connections":[],"jetpack_sharing_enabled":true,"jetpack_likes_enabled":true,"jetpack-related-posts":[],"_links":{"self":[{"href":"https:\/\/jornaldeitaipava.com.br\/index.php\/wp-json\/wp\/v2\/posts\/39938"}],"collection":[{"href":"https:\/\/jornaldeitaipava.com.br\/index.php\/wp-json\/wp\/v2\/posts"}],"about":[{"href":"https:\/\/jornaldeitaipava.com.br\/index.php\/wp-json\/wp\/v2\/types\/post"}],"author":[{"embeddable":true,"href":"https:\/\/jornaldeitaipava.com.br\/index.php\/wp-json\/wp\/v2\/users\/1"}],"replies":[{"embeddable":true,"href":"https:\/\/jornaldeitaipava.com.br\/index.php\/wp-json\/wp\/v2\/comments?post=39938"}],"version-history":[{"count":1,"href":"https:\/\/jornaldeitaipava.com.br\/index.php\/wp-json\/wp\/v2\/posts\/39938\/revisions"}],"predecessor-version":[{"id":39940,"href":"https:\/\/jornaldeitaipava.com.br\/index.php\/wp-json\/wp\/v2\/posts\/39938\/revisions\/39940"}],"wp:featuredmedia":[{"embeddable":true,"href":"https:\/\/jornaldeitaipava.com.br\/index.php\/wp-json\/wp\/v2\/media\/39939"}],"wp:attachment":[{"href":"https:\/\/jornaldeitaipava.com.br\/index.php\/wp-json\/wp\/v2\/media?parent=39938"}],"wp:term":[{"taxonomy":"category","embeddable":true,"href":"https:\/\/jornaldeitaipava.com.br\/index.php\/wp-json\/wp\/v2\/categories?post=39938"},{"taxonomy":"post_tag","embeddable":true,"href":"https:\/\/jornaldeitaipava.com.br\/index.php\/wp-json\/wp\/v2\/tags?post=39938"}],"curies":[{"name":"wp","href":"https:\/\/api.w.org\/{rel}","templated":true}]}}