{"id":39941,"date":"2024-05-23T12:54:08","date_gmt":"2024-05-23T15:54:08","guid":{"rendered":"http:\/\/jornaldeitaipava.com.br\/?p=39941"},"modified":"2024-05-23T12:54:11","modified_gmt":"2024-05-23T15:54:11","slug":"petropolis-mantem-indice-satisfatorio-de-infestacao-do-aedes-aegypti","status":"publish","type":"post","link":"https:\/\/jornaldeitaipava.com.br\/index.php\/2024\/05\/23\/petropolis-mantem-indice-satisfatorio-de-infestacao-do-aedes-aegypti\/","title":{"rendered":"Petr\u00f3polis mant\u00e9m \u00edndice satisfat\u00f3rio de infesta\u00e7\u00e3o do Aedes aegypti"},"content":{"rendered":"\n<p>A Prefeitura, por meio da Coordenadoria de Vigil\u00e2ncia Ambiental da Secretaria de Sa\u00fade divulgou nesta segunda-feira (20) os resultados do segundo Levantamento R\u00e1pido de \u00cdndices para Aedes aegypti (LIRAa) de 2024. No per\u00edodo de 6 a 9 de maio, os agentes de Combate \u00e0s Endemias (ACE) visitaram 7.970 im\u00f3veis entre o primeiro e o quinto distrito, identificando um total de 36 focos do Aedes aegypti. O \u00edndice de infesta\u00e7\u00e3o do munic\u00edpio se manteve em 0,44%, considerado satisfat\u00f3rio para as arboviroses.<br>Para o prefeito Rubens Bomtempo a a\u00e7\u00e3o conjunta entre poder p\u00fablico e popula\u00e7\u00e3o para conter a prolifera\u00e7\u00e3o do mosquito \u00e9 essencial. &#8221; O munic\u00edpio novamente permaneceu dentro dos par\u00e2metros estabelecidos pelo Minist\u00e9rio da Sa\u00fade, que preconiza um \u00edndice de infesta\u00e7\u00e3o inferior a 1%. Por\u00e9m, \u00e9 fundamental que todos continuem fazendo a sua parte, mantendo seus quintais e ambientes livres de recipientes que possam acumular \u00e1gua&#8221;, destaca o prefeito.<br>O Secret\u00e1rio de Sa\u00fade, Ricardo Patul\u00e9a, refor\u00e7a a import\u00e2ncia da participa\u00e7\u00e3o ativa da comunidade no combate ao Aedes aegypti. \u201cA orienta\u00e7\u00e3o \u00e9 para que a popula\u00e7\u00e3o continue adotando medidas simples, como manter caixas d&#8217;\u00e1gua devidamente fechadas pois, dessa forma est\u00e1 contribuindo para a redu\u00e7\u00e3o dos \u00edndices de infesta\u00e7\u00e3o do mosquito\u201d, frisa.<br>Durante os primeiros quatro meses deste ano, o munic\u00edpio registrou um total de 4.758 casos confirmados de dengue, em Petr\u00f3polis, com janeiro contabilizando 327 casos, fevereiro com 1.825, mar\u00e7o com 2.492 e abril com 112. \u201cEmbora ainda haja casos em processo de investiga\u00e7\u00e3o referentes aos meses de abril e maio, j\u00e1 \u00e9 evidente uma diminui\u00e7\u00e3o na procura por atendimento nas unidades de urg\u00eancia e emerg\u00eancia da cidade, o que corrobora com os resultados do \u00faltimo LIRAa\u201d, acrescenta o secret\u00e1rio.<\/p>\n","protected":false},"excerpt":{"rendered":"<p>A Prefeitura, por meio da Coordenadoria de Vigil\u00e2ncia Ambiental da Secretaria de Sa\u00fade divulgou nesta<\/p>\n","protected":false},"author":1,"featured_media":36824,"comment_status":"closed","ping_status":"open","sticky":false,"template":"","format":"standard","meta":{"spay_email":"","footnotes":"","jetpack_publicize_message":""},"categories":[24],"tags":[],"jetpack_featured_media_url":"https:\/\/i1.wp.com\/jornaldeitaipava.com.br\/wp-content\/uploads\/2023\/10\/dengue.jpeg?fit=1200%2C801&ssl=1","jetpack_publicize_connections":[],"jetpack_sharing_enabled":true,"jetpack_likes_enabled":true,"jetpack-related-posts":[],"_links":{"self":[{"href":"https:\/\/jornaldeitaipava.com.br\/index.php\/wp-json\/wp\/v2\/posts\/39941"}],"collection":[{"href":"https:\/\/jornaldeitaipava.com.br\/index.php\/wp-json\/wp\/v2\/posts"}],"about":[{"href":"https:\/\/jornaldeitaipava.com.br\/index.php\/wp-json\/wp\/v2\/types\/post"}],"author":[{"embeddable":true,"href":"https:\/\/jornaldeitaipava.com.br\/index.php\/wp-json\/wp\/v2\/users\/1"}],"replies":[{"embeddable":true,"href":"https:\/\/jornaldeitaipava.com.br\/index.php\/wp-json\/wp\/v2\/comments?post=39941"}],"version-history":[{"count":1,"href":"https:\/\/jornaldeitaipava.com.br\/index.php\/wp-json\/wp\/v2\/posts\/39941\/revisions"}],"predecessor-version":[{"id":39942,"href":"https:\/\/jornaldeitaipava.com.br\/index.php\/wp-json\/wp\/v2\/posts\/39941\/revisions\/39942"}],"wp:featuredmedia":[{"embeddable":true,"href":"https:\/\/jornaldeitaipava.com.br\/index.php\/wp-json\/wp\/v2\/media\/36824"}],"wp:attachment":[{"href":"https:\/\/jornaldeitaipava.com.br\/index.php\/wp-json\/wp\/v2\/media?parent=39941"}],"wp:term":[{"taxonomy":"category","embeddable":true,"href":"https:\/\/jornaldeitaipava.com.br\/index.php\/wp-json\/wp\/v2\/categories?post=39941"},{"taxonomy":"post_tag","embeddable":true,"href":"https:\/\/jornaldeitaipava.com.br\/index.php\/wp-json\/wp\/v2\/tags?post=39941"}],"curies":[{"name":"wp","href":"https:\/\/api.w.org\/{rel}","templated":true}]}}