{"id":39955,"date":"2024-05-26T12:04:54","date_gmt":"2024-05-26T15:04:54","guid":{"rendered":"http:\/\/jornaldeitaipava.com.br\/?p=39955"},"modified":"2024-05-26T12:04:56","modified_gmt":"2024-05-26T15:04:56","slug":"turismo-em-alta-para-o-feriado-de-corpus-christi-em-petropolis","status":"publish","type":"post","link":"https:\/\/jornaldeitaipava.com.br\/index.php\/2024\/05\/26\/turismo-em-alta-para-o-feriado-de-corpus-christi-em-petropolis\/","title":{"rendered":"Turismo em alta para o feriado de Corpus Christi em Petr\u00f3polis"},"content":{"rendered":"\n<p class=\"has-text-align-center\"><strong>Ocupa\u00e7\u00e3o hoteleira registra 72,39% com previs\u00e3o de subir na pr\u00f3xima semana<\/strong><\/p>\n\n\n\n<p>Petr\u00f3polis se prepara para um aumento significativo no fluxo de turistas durante o feriado prolongado de Corpus Christi, de quinta a domingo (30\/06 a 02.06) da pr\u00f3xima semana. Com uma ocupa\u00e7\u00e3o m\u00e9dia de hot\u00e9is j\u00e1 alcan\u00e7ando 72,39%, a expectativa \u00e9 de que esse n\u00famero cres\u00e7a ainda mais nos pr\u00f3ximos dias, considerando reservas feitas mais pr\u00f3ximas das datas por turistas que v\u00eam de cidades menos distantes. \u00c0s v\u00e9speras da alta temporada de inverno, o feriado de Corpus Christi, segundo o Petr\u00f3polis Convention &amp; Visitors Bureau, \u00e9, tradicionalmente, um per\u00edodo de bom movimento para a rede hoteleira e de gastronomia da cidade.<br>A partir de quinta-feira e se estendendo at\u00e9 domingo, os dias ser\u00e3o de sol, sem chuva e com temperaturas entre 12\u00b0C e 26\u00b0C. \u201c\u00c9 o \u2018outono ideal\u2019 para quem vem de fora e quer curtir um dia de sol e tamb\u00e9m as temperaturas mais baixas \u00e0 noite, caracter\u00edstica serrana. O charme da esta\u00e7\u00e3o em Petr\u00f3polis fica mais evidenciado e \u00e9 o que os turistas desejam em suas estadias\u201d, afirma o presidente do Petr\u00f3polis Convention, Samir el Ghaoui.<br>Esse clima perfeito \u00e9 um atrativo adicional para os turistas que desejam explorar as belezas naturais e o patrim\u00f4nio hist\u00f3rico de Petr\u00f3polis. A cidade oferece uma variedade de roteiros que atendem a todos os gostos, desde passeios culturais e hist\u00f3ricos at\u00e9 trilhas ecol\u00f3gicas e visitas \u00e0s \u00e1reas rurais, passando por compras e roteiro cervejeiro.<br>Entre os principais pontos tur\u00edsticos, destaque para o Museu Imperial, a Casa de Santos Dumont, a Catedral de S\u00e3o Pedro de Alc\u00e2ntara e o Pal\u00e1cio de Cristal. Para os amantes da natureza, o Parque Nacional da Serra dos \u00d3rg\u00e3os e as diversas trilhas da regi\u00e3o proporcionam um contato \u00edntimo com a flora e fauna locais, al\u00e9m de vistas deslumbrantes. Eventos culturais e gastron\u00f4micos tamb\u00e9m est\u00e3o programados, garantindo entretenimento diversificado para os visitantes.<br>As op\u00e7\u00f5es de hospedagem em Petr\u00f3polis s\u00e3o variadas, abrangendo desde luxuosos hot\u00e9is urbanos at\u00e9 retiros r\u00fasticos que oferecem uma conex\u00e3o \u00edntima com a natureza. &#8220;H\u00e1 uma tend\u00eancia crescente de turistas, especialmente daqueles das cidades vizinhas, de fazerem suas reservas mais pr\u00f3ximo da data da viagem, assim a ocupa\u00e7\u00e3o deve aumentar ainda na pr\u00f3xima semana. A m\u00e9dia e de 72,39%, mas alguns hot\u00e9is j\u00e1 est\u00e3o com mais de 90% de ocupa\u00e7\u00e3o&#8221; explica Samir el Ghaoui.<br>No site oficial www.visitepetropolis.com, mantido pelo Petr\u00f3polis Convention, tanto turistas quanto moradores podem encontrar informa\u00e7\u00f5es detalhadas sobre a programa\u00e7\u00e3o e promo\u00e7\u00f5es dispon\u00edveis. Hot\u00e9is e pousadas t\u00eam pacotes especiais e bares e restaurantes card\u00e1pios diferenciados e shows.<br>Por ser um per\u00edodo religioso, muita gente tamb\u00e9m busca op\u00e7\u00f5es de introspec\u00e7\u00e3o e reflex\u00e3o. Al\u00e9m de 100 igrejas e capelas cat\u00f3licas, Petr\u00f3polis abriga templos de diferentes cren\u00e7as, como a igreja luterana, um parque de orix\u00e1s, uma mesquita e o Vale do Amor, que re\u00fane espa\u00e7os multirreligiosos ao ar livre, a cidade \u00e9 um convite a uma jornada de conex\u00e3o espiritual e respeito pela diversidade religiosa.<br>\u201cUma cidade de m\u00faltiplas facetas como a nossa tem atrativos para todo tipo de p\u00fablico e a garantia de oferecer um atendimento de qualidade, acolhedor. \u00c9 um diferencial de Petr\u00f3polis e que faz nossa cidade ser essa refer\u00eancia no setor\u201d, analisa Samir el Ghaoui.<\/p>\n","protected":false},"excerpt":{"rendered":"<p>Ocupa\u00e7\u00e3o hoteleira registra 72,39% com previs\u00e3o de subir na pr\u00f3xima semana Petr\u00f3polis se prepara para<\/p>\n","protected":false},"author":1,"featured_media":39956,"comment_status":"closed","ping_status":"open","sticky":false,"template":"","format":"standard","meta":{"spay_email":"","footnotes":"","jetpack_publicize_message":""},"categories":[42],"tags":[],"jetpack_featured_media_url":"https:\/\/i2.wp.com\/jornaldeitaipava.com.br\/wp-content\/uploads\/2024\/05\/Grao-Para-scaled.jpg?fit=2560%2C1441&ssl=1","jetpack_publicize_connections":[],"jetpack_sharing_enabled":true,"jetpack_likes_enabled":true,"jetpack-related-posts":[],"_links":{"self":[{"href":"https:\/\/jornaldeitaipava.com.br\/index.php\/wp-json\/wp\/v2\/posts\/39955"}],"collection":[{"href":"https:\/\/jornaldeitaipava.com.br\/index.php\/wp-json\/wp\/v2\/posts"}],"about":[{"href":"https:\/\/jornaldeitaipava.com.br\/index.php\/wp-json\/wp\/v2\/types\/post"}],"author":[{"embeddable":true,"href":"https:\/\/jornaldeitaipava.com.br\/index.php\/wp-json\/wp\/v2\/users\/1"}],"replies":[{"embeddable":true,"href":"https:\/\/jornaldeitaipava.com.br\/index.php\/wp-json\/wp\/v2\/comments?post=39955"}],"version-history":[{"count":1,"href":"https:\/\/jornaldeitaipava.com.br\/index.php\/wp-json\/wp\/v2\/posts\/39955\/revisions"}],"predecessor-version":[{"id":39957,"href":"https:\/\/jornaldeitaipava.com.br\/index.php\/wp-json\/wp\/v2\/posts\/39955\/revisions\/39957"}],"wp:featuredmedia":[{"embeddable":true,"href":"https:\/\/jornaldeitaipava.com.br\/index.php\/wp-json\/wp\/v2\/media\/39956"}],"wp:attachment":[{"href":"https:\/\/jornaldeitaipava.com.br\/index.php\/wp-json\/wp\/v2\/media?parent=39955"}],"wp:term":[{"taxonomy":"category","embeddable":true,"href":"https:\/\/jornaldeitaipava.com.br\/index.php\/wp-json\/wp\/v2\/categories?post=39955"},{"taxonomy":"post_tag","embeddable":true,"href":"https:\/\/jornaldeitaipava.com.br\/index.php\/wp-json\/wp\/v2\/tags?post=39955"}],"curies":[{"name":"wp","href":"https:\/\/api.w.org\/{rel}","templated":true}]}}