{"id":39958,"date":"2024-05-26T12:07:44","date_gmt":"2024-05-26T15:07:44","guid":{"rendered":"http:\/\/jornaldeitaipava.com.br\/?p=39958"},"modified":"2024-05-26T12:07:48","modified_gmt":"2024-05-26T15:07:48","slug":"werner-tecidos-de-petropolis-recebe-homenagem-como-empresa-destaque-do-ano-na-firjan","status":"publish","type":"post","link":"https:\/\/jornaldeitaipava.com.br\/index.php\/2024\/05\/26\/werner-tecidos-de-petropolis-recebe-homenagem-como-empresa-destaque-do-ano-na-firjan\/","title":{"rendered":"Werner Tecidos, de Petr\u00f3polis, recebe homenagem como empresa \u201cdestaque do ano\u201d, na Firjan"},"content":{"rendered":"\n<p>Evento pelo Dia da Ind\u00fastria, realizado na Firjan, teve ainda a entrega de um documento com propostas para a Nova Ind\u00fastria Brasil, que contou com a contribui\u00e7\u00e3o das maiores empresas do pa\u00eds. Documento foi entregue ao presidente do Banco Nacional de Desenvolvimento Econ\u00f4mico e Social (BNDES), Aloizio Mercadante<br>Em comemora\u00e7\u00e3o ao Dia da Ind\u00fastria, a Firjan homenageou nesta quinta-feira (23), em sua sede no Rio, seis empres\u00e1rios, uma personalidade e tr\u00eas ind\u00fastrias \u2013 entre elas, a Werner Tecidos, de Petr\u00f3polis, que recebeu a placa de \u201cDestaque do Ano\u201d, e a ministra da Sa\u00fade, N\u00edsia Trindade Lima \u2013, que se destacaram em 2024 nos cen\u00e1rios pol\u00edticos, econ\u00f4mico e social e por grandes servi\u00e7os prestados \u00e0 ind\u00fastria do estado do Rio de Janeiro e do Brasil. A homenagem foi entregue pelo presidente da federa\u00e7\u00e3o, Eduardo Eugenio Gouv\u00eaa Vieira, e pelo 1\u00ba vice-presidente CIRJ, Carlos Fernando Gross;<br>\u201cReceber esse pr\u00eamio no ano em que a Werner completa 120 anos \u00e9 motivo de muito orgulho. Imposs\u00edvel n\u00e3o lembrar do meu av\u00f4, pai e tio, que nos inspiraram tanto nessa caminhada. Al\u00e9m de toda a parceria dos nossos clientes e fornecedores, e claro, do comprometimento de todos os nossos colaboradores, pois sem eles esse sucesso seria imposs\u00edvel\u201d, disse a presidente da empresa, Isadora Landau Remy, ressaltando ainda o orgulho da empresa ser petropolitana.<br>Fundada em 1904, em Petr\u00f3polis, pelos irm\u00e3os Hilmar, Leopoldo e Max Werner, imigrantes alem\u00e3es. Em 1964, foi comprada pela fam\u00edlia Landau Remy. Nesses 120 anos de tradi\u00e7\u00e3o, a Werner se modernizou, alcan\u00e7ando lideran\u00e7a no mercado de tecidos para a alta costura, tanto pelo volume de sua produ\u00e7\u00e3o como pela qualidade de seus produtos. A atual gest\u00e3o da empresa \u00e9 baseada em uma pol\u00edtica voltada para o aprimoramento e desenvolvimento de seus recursos humanos, moderniza\u00e7\u00e3o de seu parque industrial, uso racional e respons\u00e1vel dos recursos naturais e responsabilidade socioambiental.<\/p>\n\n\n\n<p><strong>Proposta para a Nova Ind\u00fastria Brasil<br><\/strong>Desde 1965, a Firjan homenageia empres\u00e1rios e personalidades com a Medalha do M\u00e9rito Industrial do Rio de Janeiro durante o Dia da Ind\u00fastria. Neste ano, o evento contou ainda com a participa\u00e7\u00e3o do vice-presidente da Rep\u00fablica, Geraldo Alckmin, e o presidente do Banco Nacional de Desenvolvimento Econ\u00f4mico e Social (BNDES), Aloizio Mercadante, que recebeu um documento com propostas para a Nova Ind\u00fastria Brasil, pol\u00edtica industrial lan\u00e7ada pelo governo federal em janeiro deste ano. O documento, elaborado em conjunto por algumas das maiores empresas do pa\u00eds.<\/p>\n\n\n\n<p><strong>Confira aqui o documento com as propostas para a Nova Ind\u00fastria Brasil<br><\/strong>O evento \u2013 e a elabora\u00e7\u00e3o do documento \u2013 tamb\u00e9m contou com a participa\u00e7\u00e3o de l\u00edderes das empresas \u00c1guas do Rio, Braskem, BRF, CBC, Cimento Nacional, Cristalia, Cury, Ecorodovias, Embraer Defesa e Seguran\u00e7a, Emgepron, Fiocruz, Frescatto, Igu\u00e1, Lemgruber, M. Dias Branco, Natura, Nortec, Novonor, Petrobras, Piracanjuba, Porto do A\u00e7u, Prumo Log\u00edstica, SIATT, Stefanini, Stella Tecnologia, Tenda, Ternium e Vale.<\/p>\n","protected":false},"excerpt":{"rendered":"<p>Evento pelo Dia da Ind\u00fastria, realizado na Firjan, teve ainda a entrega de um documento<\/p>\n","protected":false},"author":1,"featured_media":39959,"comment_status":"closed","ping_status":"open","sticky":false,"template":"","format":"standard","meta":{"spay_email":"","footnotes":"","jetpack_publicize_message":""},"categories":[2],"tags":[],"jetpack_featured_media_url":"https:\/\/i2.wp.com\/jornaldeitaipava.com.br\/wp-content\/uploads\/2024\/05\/Werner_fotoPaulaJohas-scaled.jpg?fit=2560%2C1707&ssl=1","jetpack_publicize_connections":[],"jetpack_sharing_enabled":true,"jetpack_likes_enabled":true,"jetpack-related-posts":[],"_links":{"self":[{"href":"https:\/\/jornaldeitaipava.com.br\/index.php\/wp-json\/wp\/v2\/posts\/39958"}],"collection":[{"href":"https:\/\/jornaldeitaipava.com.br\/index.php\/wp-json\/wp\/v2\/posts"}],"about":[{"href":"https:\/\/jornaldeitaipava.com.br\/index.php\/wp-json\/wp\/v2\/types\/post"}],"author":[{"embeddable":true,"href":"https:\/\/jornaldeitaipava.com.br\/index.php\/wp-json\/wp\/v2\/users\/1"}],"replies":[{"embeddable":true,"href":"https:\/\/jornaldeitaipava.com.br\/index.php\/wp-json\/wp\/v2\/comments?post=39958"}],"version-history":[{"count":1,"href":"https:\/\/jornaldeitaipava.com.br\/index.php\/wp-json\/wp\/v2\/posts\/39958\/revisions"}],"predecessor-version":[{"id":39960,"href":"https:\/\/jornaldeitaipava.com.br\/index.php\/wp-json\/wp\/v2\/posts\/39958\/revisions\/39960"}],"wp:featuredmedia":[{"embeddable":true,"href":"https:\/\/jornaldeitaipava.com.br\/index.php\/wp-json\/wp\/v2\/media\/39959"}],"wp:attachment":[{"href":"https:\/\/jornaldeitaipava.com.br\/index.php\/wp-json\/wp\/v2\/media?parent=39958"}],"wp:term":[{"taxonomy":"category","embeddable":true,"href":"https:\/\/jornaldeitaipava.com.br\/index.php\/wp-json\/wp\/v2\/categories?post=39958"},{"taxonomy":"post_tag","embeddable":true,"href":"https:\/\/jornaldeitaipava.com.br\/index.php\/wp-json\/wp\/v2\/tags?post=39958"}],"curies":[{"name":"wp","href":"https:\/\/api.w.org\/{rel}","templated":true}]}}