{"id":39961,"date":"2024-05-26T12:12:50","date_gmt":"2024-05-26T15:12:50","guid":{"rendered":"http:\/\/jornaldeitaipava.com.br\/?p=39961"},"modified":"2024-05-26T12:20:51","modified_gmt":"2024-05-26T15:20:51","slug":"prefeitura-inicia-campanha-de-vacinacao-contra-a-poliomielite-em-3-de-junho","status":"publish","type":"post","link":"https:\/\/jornaldeitaipava.com.br\/index.php\/2024\/05\/26\/prefeitura-inicia-campanha-de-vacinacao-contra-a-poliomielite-em-3-de-junho\/","title":{"rendered":"Prefeitura inicia Campanha de Vacina\u00e7\u00e3o contra a Poliomielite em 3 de junho"},"content":{"rendered":"\n<p>A Prefeitura, por meio da Secretaria de Sa\u00fade, vai lan\u00e7ar a campanha de vacina\u00e7\u00e3o contra a Poliomielite no pr\u00f3ximo dia 3 de junho. O &#8220;Dia D&#8221; de mobiliza\u00e7\u00e3o est\u00e1 marcado para 8 de junho, e a campanha se estender\u00e1 at\u00e9 o dia 14.<br>As vacinas estar\u00e3o dispon\u00edveis nas 15 salas de vacina\u00e7\u00e3o do munic\u00edpio. No &#8220;Dia D&#8221;, outras duas unidades de sa\u00fade \u2013 PSFs Castelo S\u00e3o Manoel e Castrioto \u2013 tamb\u00e9m estar\u00e3o abertas para facilitar o acesso da popula\u00e7\u00e3o \u00e0 imuniza\u00e7\u00e3o. Nesta data, um posto de imuniza\u00e7\u00e3o tamb\u00e9m ser\u00e1 montado no Hipershopping Petr\u00f3polis, no Alto da Serra.<br>A campanha tem como objetivo vacinar crian\u00e7as que est\u00e3o em atraso com o esquema da vacina inativada contra a poliomielite (VIP) e intensificar a vacina\u00e7\u00e3o com a vacina oral (VOP). Esta ser\u00e1 a \u00faltima campanha que utilizar\u00e1 a VOP, popularmente conhecida como a &#8220;gotinha&#8221;, marcando um momento hist\u00f3rico de transi\u00e7\u00e3o para que em 2025 o refor\u00e7o seja feito apenas com a vacina VIP.<br>A vacina VOP ser\u00e1 administrada a todas as crian\u00e7as a partir de um ano at\u00e9 4 anos, 11 meses e 29 dias que j\u00e1 tenham recebido as tr\u00eas doses da VIP. Essa estrat\u00e9gia visa garantir uma prote\u00e7\u00e3o abrangente e refor\u00e7ada contra a poliomielite, uma doen\u00e7a grave que pode causar paralisia permanente.<br>O prefeito Rubens Bomtempo destacou a import\u00e2ncia da campanha. &#8220;Nossa prioridade \u00e9 proteger nossas crian\u00e7as contra doen\u00e7as graves como a poliomielite. Estamos empenhados em garantir que todas as crian\u00e7as recebam suas vacinas em dia&#8221;, disse.<br>Segundo o secret\u00e1rio de Sa\u00fade, Ricardo Patul\u00e9a, a log\u00edstica da campanha j\u00e1 est\u00e1 organizada e as equipes das unidades de sa\u00fade est\u00e3o sendo preparadas para receber as fam\u00edlias de forma eficiente e segura. \u201cNo Dia D, teremos um refor\u00e7o extra com mais tr\u00eas unidades funcionando para atender a demanda. \u00c9 essencial que os pais levem suas crian\u00e7as para se vacinarem. A poliomielite \u00e9 uma doen\u00e7a que pode ser preven\u00edvel com a vacina\u00e7\u00e3o adequada, e cada dose \u00e9 crucial para a prote\u00e7\u00e3o completa&#8221;, frisou o secret\u00e1rio.<br>Thayene Varela, chefe da Divis\u00e3o de Imuniza\u00e7\u00e3o da Secretaria de Sa\u00fade, refor\u00e7ou a import\u00e2ncia do envolvimento dos pais e respons\u00e1veis. &#8220;Todos os respons\u00e1veis de crian\u00e7as de 1 ano a menores de 5 anos devem separar o cart\u00e3o de vacina e o CPF e, a partir do dia 3 de junho, procurar uma das quinze salas de vacina\u00e7\u00e3o para imunizar suas crian\u00e7as. Esta campanha marca um momento hist\u00f3rico na transi\u00e7\u00e3o para a utiliza\u00e7\u00e3o exclusiva da vacina VIP em 2025, e cada dose aplicada \u00e9 fundamental para a sa\u00fade de nossos pequenos&#8221;, destacou.<\/p>\n","protected":false},"excerpt":{"rendered":"<p>A Prefeitura, por meio da Secretaria de Sa\u00fade, vai lan\u00e7ar a campanha de vacina\u00e7\u00e3o contra<\/p>\n","protected":false},"author":1,"featured_media":30795,"comment_status":"closed","ping_status":"open","sticky":false,"template":"","format":"standard","meta":{"spay_email":"","footnotes":"","jetpack_publicize_message":""},"categories":[24],"tags":[],"jetpack_featured_media_url":"https:\/\/i1.wp.com\/jornaldeitaipava.com.br\/wp-content\/uploads\/2022\/09\/POLIO.png?fit=370%2C221&ssl=1","jetpack_publicize_connections":[],"jetpack_sharing_enabled":true,"jetpack_likes_enabled":true,"jetpack-related-posts":[],"_links":{"self":[{"href":"https:\/\/jornaldeitaipava.com.br\/index.php\/wp-json\/wp\/v2\/posts\/39961"}],"collection":[{"href":"https:\/\/jornaldeitaipava.com.br\/index.php\/wp-json\/wp\/v2\/posts"}],"about":[{"href":"https:\/\/jornaldeitaipava.com.br\/index.php\/wp-json\/wp\/v2\/types\/post"}],"author":[{"embeddable":true,"href":"https:\/\/jornaldeitaipava.com.br\/index.php\/wp-json\/wp\/v2\/users\/1"}],"replies":[{"embeddable":true,"href":"https:\/\/jornaldeitaipava.com.br\/index.php\/wp-json\/wp\/v2\/comments?post=39961"}],"version-history":[{"count":1,"href":"https:\/\/jornaldeitaipava.com.br\/index.php\/wp-json\/wp\/v2\/posts\/39961\/revisions"}],"predecessor-version":[{"id":39963,"href":"https:\/\/jornaldeitaipava.com.br\/index.php\/wp-json\/wp\/v2\/posts\/39961\/revisions\/39963"}],"wp:featuredmedia":[{"embeddable":true,"href":"https:\/\/jornaldeitaipava.com.br\/index.php\/wp-json\/wp\/v2\/media\/30795"}],"wp:attachment":[{"href":"https:\/\/jornaldeitaipava.com.br\/index.php\/wp-json\/wp\/v2\/media?parent=39961"}],"wp:term":[{"taxonomy":"category","embeddable":true,"href":"https:\/\/jornaldeitaipava.com.br\/index.php\/wp-json\/wp\/v2\/categories?post=39961"},{"taxonomy":"post_tag","embeddable":true,"href":"https:\/\/jornaldeitaipava.com.br\/index.php\/wp-json\/wp\/v2\/tags?post=39961"}],"curies":[{"name":"wp","href":"https:\/\/api.w.org\/{rel}","templated":true}]}}