{"id":40006,"date":"2024-05-29T18:16:47","date_gmt":"2024-05-29T21:16:47","guid":{"rendered":"http:\/\/jornaldeitaipava.com.br\/?p=40006"},"modified":"2024-05-29T18:16:49","modified_gmt":"2024-05-29T21:16:49","slug":"solsticio-do-som-divulga-programacao-da-28a-edicao","status":"publish","type":"post","link":"https:\/\/jornaldeitaipava.com.br\/index.php\/2024\/05\/29\/solsticio-do-som-divulga-programacao-da-28a-edicao\/","title":{"rendered":"Solst\u00edcio do Som divulga programa\u00e7\u00e3o da 28\u00aa edi\u00e7\u00e3o"},"content":{"rendered":"\n<p>A edi\u00e7\u00e3o de inverno do Solst\u00edcio do Som ser\u00e1 de 14 a 20 de junho na Pra\u00e7a da Liberdade, em Petr\u00f3polis. Durante sete dias, o evento reunir\u00e1 uma diversidade de artistas e bandas de diferentes estilos musicais, passando pelo Trap, Rap, Rock, Jazz e MPB, e valorizando a m\u00fasica autoral. O evento \u00e9 aberto ao p\u00fablico e celebra a chegada do inverno, que ocorre no dia 20 de junho.<br>\u201cEstamos muito satisfeitos em poder apresentar gratuitamente 30 apresenta\u00e7\u00f5es musicais, vindas de todos os cantos da cidade e de outros munic\u00edpios, todas originais e autorais no formato definitivo de sete dias, al\u00e9m de oferecer o tradicional Palco Livre do Solst\u00edcio de Inverno no encerramento\u201d, afirma Jo\u00e3o Verleun, organizador do evento.<br>A programa\u00e7\u00e3o do Solst\u00edcio do Som vai come\u00e7ar na sexta-feira, 14 de junho, com apresenta\u00e7\u00f5es de Tuchi e Lego \u00e0s 18h, seguidos por Home Grow \u00e0s 19h, Nega Preto, \u00e0s 20h, e Igor Oggy, \u00e0s 21h, todos de Petr\u00f3polis. No s\u00e1bado, 15 de junho, o evento continua a partir das 13h com Fugere, com integrantes de Petr\u00f3polis e Juiz de Fora, seguido por S\u00e9quito, de S\u00e3o Gon\u00e7alo, \u00e0s 15h; Sound Bullet, do Rio de Janeiro, \u00e0s 16h30; Giovanna Moraes, de S\u00e3o Paulo, \u00e0s 18h; Sergio Diab Stratoman, do Rio de Janeiro, \u00e0s 19h30, e Lala Valone, de Petr\u00f3polis, \u00e0s 21h.<br>No domingo, 16 de junho, as apresenta\u00e7\u00f5es come\u00e7am \u00e0s 13h com Edu Nascimento, de Petr\u00f3polis, seguido por Fraternidade da Pedra, do Rio de Janeiro, \u00e0s 15h; Negrayscow, de Petr\u00f3polis, \u00e0s 16h30; Innocence Lost, do Rio de Janeiro, \u00e0s 18h; Urantia, de Petr\u00f3polis, \u00e0s 19h30 e Hammerhead Blues, de S\u00e3o Paulo, \u00e0s 21h. Na segunda-feira, 17 de junho, Pedroso &amp; Pedrosa se apresentam \u00e0s 18h, seguido por Belle Trio, \u00e0s 19h30, e Jo\u00e3o Felippe, \u00e0s 21h, todos de Petr\u00f3polis.<br>Na ter\u00e7a-feira, 18 de junho, Montanha Jazz, de Petr\u00f3polis, abre a noite \u00e0s 18h. Logo depois, Letto do Rio de Janeiro sobe ao palco, \u00e0s 19h30, e Giu, de Petr\u00f3polis, \u00e0s 21h. Na quarta-feira, 19 de junho, Reall Lil G, de Petr\u00f3polis, se apresenta \u00e0s 17h, seguido por L\u00e9o Carbona e Os Forasteiros, \u00e0s 18h; Clube da Montanha, de Petr\u00f3polis, \u00e0s 19h30; e Morcegula, com integrantes do Rio de Janeiro e Uberl\u00e2ndia, \u00e0s 21h.<br>O evento encerra na quinta-feira, 20 de junho, com Nega Jay, de Petr\u00f3polis, \u00e0s 17h; Marcio Neg\u00f3cio, \u00e0s 18h, Pestana, \u00e0s 19h, e o Palco Livre \u2013 Solst\u00edcio de Inverno, \u00e0s 20h30, todos de Petr\u00f3polis.<br>Nesta edi\u00e7\u00e3o, o Solst\u00edcio do Som conta com recursos do Edital Alan Sask do Instituto Municipal de Cultura &#8211; Prefeitura de Petr\u00f3polis, e patroc\u00ednio da Dark City.<\/p>\n\n\n\n<p><strong>Sobre o Solst\u00edcio do Som<br><\/strong>O evento \u00e9 realizado em Petr\u00f3polis desde 2010, duas vezes ao ano, celebrando as chegadas do inverno e ver\u00e3o. O objetivo \u00e9 promover a ocupa\u00e7\u00e3o respons\u00e1vel de espa\u00e7os p\u00fablicos no Centro Hist\u00f3rico, promovendo a arte produzida na cidade, seja nas \u00e1reas da m\u00fasica, dan\u00e7a, literatura ou artes visuais.<br>O Solst\u00edcio do Som representa um espa\u00e7o que incentiva os artistas a investirem em suas obras e estimula profissionais da cultura quanto \u00e0 promo\u00e7\u00e3o de eventos que criem espa\u00e7o para o trabalho art\u00edstico autoral no munic\u00edpio. O evento tamb\u00e9m gera empregos tempor\u00e1rios e permanentes na sua produ\u00e7\u00e3o e servi\u00e7os.<\/p>\n","protected":false},"excerpt":{"rendered":"<p>A edi\u00e7\u00e3o de inverno do Solst\u00edcio do Som ser\u00e1 de 14 a 20 de junho<\/p>\n","protected":false},"author":1,"featured_media":40007,"comment_status":"closed","ping_status":"open","sticky":false,"template":"","format":"standard","meta":{"spay_email":"","footnotes":"","jetpack_publicize_message":""},"categories":[42],"tags":[],"jetpack_featured_media_url":"https:\/\/i1.wp.com\/jornaldeitaipava.com.br\/wp-content\/uploads\/2024\/05\/Praca-da-Liberdade_Divulgacao-Solsticio-do-Som-1.jpeg?fit=1600%2C1204&ssl=1","jetpack_publicize_connections":[],"jetpack_sharing_enabled":true,"jetpack_likes_enabled":true,"jetpack-related-posts":[],"_links":{"self":[{"href":"https:\/\/jornaldeitaipava.com.br\/index.php\/wp-json\/wp\/v2\/posts\/40006"}],"collection":[{"href":"https:\/\/jornaldeitaipava.com.br\/index.php\/wp-json\/wp\/v2\/posts"}],"about":[{"href":"https:\/\/jornaldeitaipava.com.br\/index.php\/wp-json\/wp\/v2\/types\/post"}],"author":[{"embeddable":true,"href":"https:\/\/jornaldeitaipava.com.br\/index.php\/wp-json\/wp\/v2\/users\/1"}],"replies":[{"embeddable":true,"href":"https:\/\/jornaldeitaipava.com.br\/index.php\/wp-json\/wp\/v2\/comments?post=40006"}],"version-history":[{"count":1,"href":"https:\/\/jornaldeitaipava.com.br\/index.php\/wp-json\/wp\/v2\/posts\/40006\/revisions"}],"predecessor-version":[{"id":40008,"href":"https:\/\/jornaldeitaipava.com.br\/index.php\/wp-json\/wp\/v2\/posts\/40006\/revisions\/40008"}],"wp:featuredmedia":[{"embeddable":true,"href":"https:\/\/jornaldeitaipava.com.br\/index.php\/wp-json\/wp\/v2\/media\/40007"}],"wp:attachment":[{"href":"https:\/\/jornaldeitaipava.com.br\/index.php\/wp-json\/wp\/v2\/media?parent=40006"}],"wp:term":[{"taxonomy":"category","embeddable":true,"href":"https:\/\/jornaldeitaipava.com.br\/index.php\/wp-json\/wp\/v2\/categories?post=40006"},{"taxonomy":"post_tag","embeddable":true,"href":"https:\/\/jornaldeitaipava.com.br\/index.php\/wp-json\/wp\/v2\/tags?post=40006"}],"curies":[{"name":"wp","href":"https:\/\/api.w.org\/{rel}","templated":true}]}}