{"id":40009,"date":"2024-05-29T18:34:54","date_gmt":"2024-05-29T21:34:54","guid":{"rendered":"http:\/\/jornaldeitaipava.com.br\/?p=40009"},"modified":"2024-05-29T18:34:56","modified_gmt":"2024-05-29T21:34:56","slug":"confira-o-que-abre-e-fecha-no-feriadao-de-corpus-christi","status":"publish","type":"post","link":"https:\/\/jornaldeitaipava.com.br\/index.php\/2024\/05\/29\/confira-o-que-abre-e-fecha-no-feriadao-de-corpus-christi\/","title":{"rendered":"Confira o que abre e fecha no feriad\u00e3o de Corpus Christi"},"content":{"rendered":"\n<p>A Prefeitura ir\u00e1 decretar ponto facultativo para o dia 31 de maio (sexta-feira), um dia ap\u00f3s o feriado de Corpus Christi (30 de maio). Durante o feriado prolongado, as reparti\u00e7\u00f5es p\u00fablicas do munic\u00edpio estar\u00e3o fechadas, bem como as unidades escolares e postos de sa\u00fade.<br>As unidades de urg\u00eancia e emerg\u00eancia &#8211; UPAs Cascatinha, Centro e Itaipava, Hospital Alcides Carneiro (HAC), Hospital Municipal Nelson de S\u00e1 Earp (HMNSE), Pronto Socorro do Alto da Serra e Servi\u00e7os de Pronto Atendimento (SPAs) de Pedro do Rio e Posse &#8211; t\u00eam funcionamento normal.<br>A Catedral de S\u00e3o Pedro de Alc\u00e2ntara conta com vasta programa\u00e7\u00e3o para o feriado. A partir das 12h ser\u00e1 iniciada a tradicional confec\u00e7\u00e3o dos tapetes nas ruas. A partir das 15h come\u00e7a a missa que conclui-se com a tradicional prociss\u00e3o do feriado.<br>Os polos de moda da Rua Teresa, Bingen, 16 de Mar\u00e7o e Rua do Imperador estar\u00e3o com hor\u00e1rio facultativo nos dias 30 de maio e 02 de junho e funcionar\u00e3o das 9h \u00e0s 18h nos dias 31 de maio e 1\u00ba de junho. A Feirinha de Itaipava vai funcionar todo o feriado das 10h \u00e0s 17h.<br>Entre os atrativos tur\u00edsticos abertos: estar\u00e3o: o Pal\u00e1cio de Cristal (9h \u00e0s 20h), o Museu de Cera (10h \u00e0s 17h), a Catedral S\u00e3o Pedro de Alc\u00e2ntara (9h \u00e0s 17h) e o Trono de F\u00e1tima (9h \u00e0s 18h).<br>Os parques municipais tamb\u00e9m estar\u00e3o abertos: Parque Cremerie (das 8h \u00e0s 18h); Parque Natural Municipal Padre Quinha (das 8h30 \u00e0s 17h30); e Parque Municipal Prefeito Paulo Rattes (das 7h \u00e0s 18h).<br>Confira abaixo os hor\u00e1rios de funcionamento dos atrativos tur\u00edsticos durante o feriado de Corpus Christi. Para mais informa\u00e7\u00f5es tur\u00edsticas, consulte o Disque Turismo: de segunda a s\u00e1bado das 9h \u00e0s 17h \/ domingos e feriados das 9h \u00e0s 14h &#8211; 0800-450-7070 \/ WhatsApp (24) 2237-3321.<\/p>\n\n\n\n<p><strong>CENTRO HIST\u00d3RICO E ARREDORES<\/strong><\/p>\n\n\n\n<p>CASA DA PRINCESA ISABEL<br>Av. Koeler 42- Centro Hist\u00f3rico Exposi\u00e7\u00e3o \u201cCoragem e F\u00e9\u201d<br>Funcionamento da exposi\u00e7\u00e3o: Valor do Ingresso: R$ 20,00<br>30, 31 de maio e 1\u00ba, 02 de junho das 10h \u00e0s 18h<br>Instagram: @coragem.e.fe<\/p>\n\n\n\n<p>CASA DE CULTURA COCCO BAR\u00c7ANTE &#8211; MUSEU DO ARTESANATO<br>Tel.: (21) 99918-1887 (WhatsApp) &#8211; Rua Cel. Veiga, 1734 \u2013 Centro<br>30 e 31 de maio &#8211; Fechada<br>1\u00ba e 02 de junho das 11 \u00e0s 17h<br>Instagram: @museuartesanato<\/p>\n\n\n\n<p>CASA STEFAN ZWEIG<br>Tel.: (24)2245-4316 &#8211; Rua Gon\u00e7alves Dias 34 \u2013 Valpara\u00edso<br>30 de maio &#8211; Fechada<br>31 de maio, 1\u00ba e 02 de junho das 11h \u00e0s 17h<br>Instagram: @casastefanzweig<\/p>\n\n\n\n<p>CASA DE PETR\u00d3POLIS INSTITUTO DE CULTURA<br>Tel.: (24) 99219-5353 &#8211; Rua Ipiranga, 716 \u2013Centro<br>30 de maio \u2013 Fechada<br>31 de maio e 1\u00ba, 02 de junho das 10h \u00e0s 16h<br>contato@culturacasadepetropolis.com.br<\/p>\n\n\n\n<p>CATEDRAL S\u00c3O PEDRO DE ALC NTARA<br>Tel.: (24) 2242- 4300. Rua S\u00e3o Pedro de Alc\u00e2ntara, 60 \u2013 Centro<br>30 de maio &#8211; Confec\u00e7\u00e3o dos tapetes nas ruas a partir das 12h, \u00e0s 15h missa com a<br>prociss\u00e3o em seguida<br>31 de maio e 1\u00ba de junho das 9h \u00e0s 17h &#8211; missa \u00e0s 8h<br>02 de junho das 13h \u00e0s 16h &#8211; missa \u00e0s 9h30, 11h e 18h30<\/p>\n\n\n\n<p>GALERIA AUTO EXPOSITIVA PRINCESA ISABEL (Torre)<br>30 de maio das 10h \u00e0s 13h<br>31 de maio e 1\u00ba de junho das 9h \u00e0s 16h<br>02 de junho das 13h \u00e0s 16h<br>Ingresso R$20,00 na loja Pequena Flor (ao lado da Catedral)<br>Instagram: @catedraldepetropolis<\/p>\n\n\n\n<p>CENTRO ALCEU AMOROSO LIMA<br>Rua Mosela, 289 \u2013 Mosela \u2013 Tel.: (24)2242-6433<br>30, 31 de maio e 1\u00ba, 02 de junho &#8211; Fechado<br>E-mail: centroamorosolima@yahoo.com.br<\/p>\n\n\n\n<p>CENTRO DE CULTURA RAUL DE LEONI<br>Pra\u00e7a Visconde de Mau\u00e1, 305<br>30, 31 de maio e 1\u00ba, 02 de junho- Fechado<br>Instagram: @centrodeculturarauldeleoni<\/p>\n\n\n\n<p>CERVEJARIA BOHEMIA<br>Tel.: (24) 2020-9050 Rua Alfredo Pach\u00e1,166<br>Loja Emp\u00f3rio Bohemia, Bar\/Restaurante T\u00e9rreo aberto<br>Tour Cervejeiro<br>30, 31 de maio e 1\u00ba de junho &#8211; 10h \u00e0s 18h<br>02 de junho &#8211; 10h \u00e0s 17h<br>Loja Emp\u00f3rio Bohemia<br>30, 31 de maio, 1\u00ba e 02 de junho &#8211; 10h \u00e0s 19h<br>Bar Bohemia<br>30, 31 de maio e 1\u00ba de junho &#8211; 12h \u00e0s 22h<br>02 de junho &#8211; 12h \u00e0s 21h<br>Restaurante (2\u00ba andar)<br>30, 31 de maio e 1\u00ba de junho &#8211; 12h \u00e0s 21h<br>02 de junho &#8211; 12h \u00e0s 17h<br>Instagram: @cervejariabohemia<\/p>\n\n\n\n<p>ESPA\u00c7O LIBERTY GARDEN<br>Rua Bar\u00e3o do Amazonas, 25 &#8211; Centro<br>Lojas de souvenir, artesanato, chocolate, cervejas artesanais e restaurante<br>30, 31 de maio e 02 de junho das 10h \u00e0s 17h<br>1\u00ba de junho das 10h \u00e0s 18h<\/p>\n\n\n\n<p>CHAL\u00c9 DO CHOCOLATE &#8211; Tel.: (24)9 9833-6184<br>Rua Bar\u00e3o do Amazonas, 25 &#8211; Centro<br>30, 31 de maio e 02 de junho das 10h \u00e0s 17h<br>1\u00ba de junho das 10h \u00e0s 18h<br>Instagram: @chaledochocolate<\/p>\n\n\n\n<p>GALLERY275- VINTAGE MOTORCYCLE MUSEUM<br>Rua C\u00e2ndido Portinari, 275 \u2013 Mosela Tel.: 2235-8512<br>02 de junho das 9h \u00e0s 17h<\/p>\n\n\n\n<p>IGREJA EVANG\u00c9LICA DE CONFISS\u00c3O LUTERANA BRASILEIRA<br>Tel.: (24) 2242-1703 \/ e-mail: petropolis@luteranos.com.br Av. Ipiranga, 346 \u2013 Centro<br>30 e 31 de maio &#8211; Fechada<br>1\u00ba e 02 de junho das 10h30 \u00e0s 17h<\/p>\n\n\n\n<p>IGREJA MATRIZ SAGRADO CORA\u00c7\u00c3O DE JESUS<br>Tel.: (24)2242-6915. Rua Montecaseros, s\/n \u2013Centro<br>2\u00aa a 6\u00aa feira missa \u2013 \u00e0s 7h e 18h<br>S\u00e1bados missa &#8211; \u00e0s 7h e 16h15<br>Domingos \u2013 missas \u00e0s 8h30, 10h, 18h e 19h30<br>30, 31 de maio e 1\u00ba, 02 de junho das 7h \u00e0s 19h<br>Obs.: N\u00e3o \u00e9 permitido visitar durante as celebra\u00e7\u00f5es<\/p>\n\n\n\n<p>IGREJA NOSSA SENHORA DO ROS\u00c1RIO<br>Tel.: (24)2242-1073. Pra\u00e7a da Inconfid\u00eancia, s\/n\u00ba &#8211; Centro &#8211; N\u00e3o \u00e9 permitido visitar durante as celebra\u00e7\u00f5es.<br>2\u00aa a 6\u00aa \u2013 Missa \u00e0s 7h e \u00e0s 12h15<br>S\u00e1bados \u2013 Missa \u00e0s 7h e \u00e0s 17h<br>Domingos \u2013 Missa \u00e0s 7h, 9h ,11h e 18h30<br>30 de maio missas \u00e0s 7h e 18h30<br>31 de maio missas \u00e0s 7h e 12h 15h<br>1\u00ba de junho missas \u00e0s 7h e 17h<br>02 de junho missas \u00e0s 7h, 9h, 11h e 18h30<br>Instagram:@paroquianossasenhoradorosario<\/p>\n\n\n\n<p>LOJA DA F\u00c1BRICA DE CHOCOLATES PATRONE<br>Tel.: (24)2242-3741 e-mail: patrone@patrone.com.br. Rua Coronel Veiga, 1.349<br>30, 31 de maio e 02 de junho das 9h \u00e0s 17h<br>1\u00ba de junho das 9h \u00e0s 18h<\/p>\n\n\n\n<p>Instagram: @chocolatespatrone<\/p>\n\n\n\n<p>KATZ CONFEITARIA \u2013 CHOCOLATES<br>Tel.: 2237-2061- Rua Bar\u00e3o do Amazonas, 85 \u2013 Centro<br>30 de maio e 02 de junho das 10h \u00e0s 18h<br>31 de maio e 1\u00ba de junho das 10h \u00e0s 19h<br>Instagram: @katz_loja85<\/p>\n\n\n\n<p>MUSEU CASA DE SANTOS DUMONT<br>Tel.: (24) 2247-5222 Rua do Encanto, 22 \u2013Centro<br>Email: casasantosdumont@gmail.com<br>30, 31 de maio e 1\u00ba, 02 de junho das 10h \u00e0s 17h<br>Instagram: @casasantosdumont<\/p>\n\n\n\n<p>MUSEU CASA DO COLONO<br>Tel.: (24) 2247-3715 &#8211; Rua Crist\u00f3v\u00e3o Colombo, 1.034 \u2013 Castel\u00e2nea<br>Entrada franca<br>30, 31 de maio e 1\u00ba e 02 de junho das 9h \u00e0s 16h<br>Instagram: @museucasadocolono<\/p>\n\n\n\n<p>MUSEU DE CERA<br>Tel.: (24) 2249-1595 &#8211; Rua Bar\u00e3o do Amazonas,35 \u2013 Centro<br>30,31 de maio e 02 de junho das 10h \u00e0s 17h<br>1\u00ba de junho das 10h \u00e0s 18h<br>E-mail: museudeceradepetropolis@gmail.com<br>Instagram: @museudeceradepetropolis<\/p>\n\n\n\n<p>MUSEU DE PORCELANA DE PETR\u00d3POLIS<br>Tel.: (24) 2245-2876 \u2013 Rua Bar\u00e3o do Amazonas, 88 \u2013 Centro<br>E-mail: museudeporcelana@gmail.com \/ www.museudeporcelana.com.br<br>Fechado para obras<br>Instagram: @museudeporcelana<\/p>\n\n\n\n<p>MUSEU DOS BRINQUEDOS<br>Tel.: (21) 98941-7588 &#8211; Av. Bar\u00e3o de Amazonas, 25, Liberty Garden \u2013 Centro<br>30, 31 de maio e 1\u00ba, 02 de junho das 10h \u00e0s 17h<br>Instagram: @museudosbrinquedosrj<\/p>\n\n\n\n<p>MUSEU IMPERIAL<br>Tel.: (61) 3521-4455 &#8211; Rua da Imperatriz, 220 \u2013 Centro<br>Bilheteria: 9h30 \u00e0s 17h \/ Visita\u00e7\u00e3o: ter\u00e7a a domingo das 10h \u00e0s 18h, com permiss\u00e3o de entrada no Pal\u00e1cio at\u00e9 \u00e0s 17h30<br>30, 31 de maio e 1\u00ba, 02 de junho das 10h \u00e0s 18h<br>Inteira: R$10,00; Meia: R$5,00<br>Pacote Fam\u00edlia (2 inteiras + 2 meias): R$ 25,00<br>Pagamento apenas em dinheiro \/ entrada franca a todos os visitantes \u00e0s quartas-feiras<br>Instagram: @museu.imperial<\/p>\n\n\n\n<p>MUSEU DA FEB &#8211; FOR\u00c7A EXPEDICION\u00c1RIA BRASILEIRA<br>Tel.: (24)98177-4422 WhatsApp \u2013 Av. Koeler &#8211; 255 &#8211; Centro<br>Visita\u00e7\u00e3o: com agendamento pr\u00e9vio<br>Entrada Franca<\/p>\n\n\n\n<p>ORQUID\u00c1RIO BINOT<br>Tel.: (24)2248-5665 &#8211; Rua Fernandes Vieira, 390 \u2013 Retiro<br>31, 30 de maio e 1\u00ba, 02 de junho das 10h \u00e0s 18h<br>Entrada franca<br>Instagram: @orquidariobinot<\/p>\n\n\n\n<p>PAL\u00c1CIO DE CRISTAL<br>Rua Alfredo Pach\u00e1 s\/n\u00ba<br>30 e 31 de maio e 1\u00ba, 02 de junho das 9h \u00e0s 17h<br>Entrada franca<\/p>\n\n\n\n<p>PARQUE CR\u00c9MERIE<br>Tel.: (24)2291-4414 &#8211; Rua Lu\u00eds de Cam\u00f5es \u2013 Estrada da Independ\u00eancia. S\/n\u00ba<br>30, 31 de maio e 1\u00ba, 02 de junho das 8h \u00e0s 18h<br>Entrada franca<\/p>\n\n\n\n<p>PARQUE NATURAL MUNICIPAL PADRE QUINHA<br>Tel.: (24) 2247-7358<br>Av. Ipiranga, 853 \u2013 Centro Hist\u00f3rico<br>30, 31 de maio e 1\u00ba, 02 de junho das 8h30 \u00e0s 17h30<br>Entrada franca<\/p>\n\n\n\n<p>PARQUE MUNICIPAL PREFEITO PAULO RATTES<br>Estrada Uni\u00e3o e Ind\u00fastria, 10000 \u2013 Itaipava<br>30 e 31 de maio e 1\u00ba e 02 de junho das 7h \u00e0s 18h<\/p>\n\n\n\n<p>SANTU\u00c1RIO VALE DO AMOR<br>Tel.: Somente WhatsApp (24) 98801-0310 &#8211; Estrada do Mata Cavalo, s\/n\u00ba &#8211; Fazenda<br>Inglesa<br>Visita\u00e7\u00e3o: Diariamente das 8h \u00e0s 17h<br>Acesso: para motos, carros e vans. Santu\u00e1rio ao ar livre em meio \u00e0s montanhas de<br>Petr\u00f3polis \/ Ingressos: R$ 20,00<br>Observa\u00e7\u00e3o: por ser uma reserva ambiental os pets n\u00e3o s\u00e3o permitidos, cantina somente<br>em dinheiro. Loja oficial todos os dias<br>Instagram: @santuariovaledoamor<\/p>\n\n\n\n<p>CENTRO CULTURAL SESC QUITANDINHA<br>Tel.: (24) 2245-2020 (recep\u00e7\u00e3o) \/ 2245-7642\/ 2291-6283 (agendamento escolar) Av.<br>Joaquim Rolla, 2 \u2013 Quitandinha<br>30, 31 de maio e 1\u00ba, 02 de junho das 10h \u00e0s 17h<br>Estar\u00e1 fechado para visita\u00e7\u00e3o at\u00e9 o dia 03 de maio em virtude da montagem da nova Exposi\u00e7\u00e3o.<br>As apresenta\u00e7\u00f5es do Sesc RJ Pulsar ocorrer\u00e3o normalmente.<br>Q Bistr\u00f4, Q Caf\u00e9 e Bilheteria estar\u00e3o funcionando normalmente, das 10h \u00e0s 17h<br>Instagram: @ccsq.org.br<\/p>\n\n\n\n<p>WILLEMSEN CONFEITARIA<br>Rua Visconde de Uruguai, 71 &#8211; Valpara\u00edso Tel.: 2243-9439<br>30 de maio e 02 de junho das 10h \u00e0s 18h<br>31 de maio e 1\u00ba de junho das 10h \u00e0s 19h30<br>Rua 16 de mar\u00e7o &#8211; Tel :2242-3201<br>31 de maio 1\u00ba de junho das 10h \u00e0s 19h30<br>30 de maio e 02 de junho &#8211; Fechada<br>Instagram: @confeitariawillemsen<\/p>\n\n\n\n<p>TRONO DE F\u00c1TIMA<br>WhatsApp: (24)99942-0313 &#8211; Rua do Bispo Dom Jos\u00e9, S\/n\u00ba<br>30, 31 de maio e 1\u00ba, 02 de junho aberto de 9h \u00e0s 18h<br>Excepcionalmente dia 13 de fevereiro n\u00e3o ter\u00e1 a Santa Missa<br>Instagram: @tronodefatimaoficial<\/p>\n\n\n\n<p><strong>CORR\u00caAS, NOGUEIRA, ITAIPAVA E ARREDORES<\/strong><\/p>\n\n\n\n<p>LA GRANDE VALL\u00c9E<br>Tel.: (24)2222-1388 \/ (21) 99354-3179 Rua das Ac\u00e1cias, 102 \u2013 Estrada do Ribeir\u00e3o<br>Grande<br>Ingresso: R$30,00, crian\u00e7as at\u00e9 05 anos gratuito, de 05 a 18 anos e a partir de 65 anos R$<br>25,00<br>30, 31 de maio e 1\u00ba e 02 de junho com agendamento<br>Funcionamento \u00e0s 11h com agendamento<br>Instagram: @lagrandevallee<\/p>\n\n\n\n<p>CASTELO DE ITAIPAVA<br>Tel.: (24)9 9911-9991 (WhatsApp) &#8211; www.castelodeitaipava.com.br BR-040 &#8211; Km 56 \u2013<br>Itaipava<br>Visita\u00e7\u00e3o: Consultar<br>Instagram: @castelodeitaipava<\/p>\n\n\n\n<p>CENTRO COMERCIAL LUIZ SALVADOR<br>Tel.: (24)2232-2500 (24)2222-2712. Estrada Uni\u00e3o e Ind\u00fastria, 10.588 \u2013 Itaipava<br>30 e 31 maio e 1\u00ba e 02 de junho das 10h \u00e0s 18h<br>Entrada franca<br>Instagram: @luizsalvador<\/p>\n\n\n\n<p>CENTRO CULTURAL ESTA\u00c7\u00c3O NOGUEIRA<br>Tel.: (24)2221-5810 \/ 99915-4183- . Av. Leopoldina, 317 \u2013 Nogueira<br>30, 31 de maio e 1\u00ba, 02 de junho das 9h \u00e0s 13h<br>Entrada Franca<\/p>\n\n\n\n<p>HORTO MERCADO MUNICIPAL JOS\u00c9 CARNEIRO DIAS -ITAIPAVA<br>Estrada Uni\u00e3o e Ind\u00fastria, 9.500 \u2013 Itaipava<br>30, 31 de maio e 1\u00ba de junho das 8h \u00e0s 15h<br>02 de junho das 8h \u00e0s 13h<\/p>\n\n\n\n<p>PARQUE NACIONAL DA SERRA DOS \u00d3RG\u00c3OS<br>Tel.: (24) 2236-0475\/ (24) 2236-0464. Estrada do Bonfim &#8211; Pinheiral.<br>Visita\u00e7\u00e3o: diariamente das 7h \u00e0s 16h &#8211; Ingresso online: www.parnaso.tur.br<br>30, 31 de maio e 1\u00ba, 02 de junho das 7h \u00e0s 16h<br>Pernoite somente mediante agendamento.<br>https:\/\/www.icmbio.gov.br\/parnaserradosorgaos\/destaques\/251-reabertura-da- travessia &#8211;<br>petropolis-teresopolis-e-camping-de-montanha.html<br>Instagram: @parnaso_oficial<\/p>\n\n\n\n<p>TRENZINHO &#8211; Faz o passeio pelo centro. Embarque em frente ao Museu Imperial. Tel.:<br>(24)98828-2218 e (24)98801-7564 &#8211; Consultar servi\u00e7o.<\/p>\n\n\n\n<p>PETRO TREM DA ALEGRIA\u2013 Embarque e desembarque na Pra\u00e7a 14 Bis. Tel. (24) 99252-<br>9217 ou (24) 99323-34072<br>Funcionamento &#8211; Entrar em contato<\/p>\n\n\n\n<p>\u2022Para tours organizados, contrate os servi\u00e7os de um guia de turismo regional, credenciado<br>pelo Minist\u00e9rio do Turismo. Associa\u00e7\u00e3o de Guias de Turismo de Petr\u00f3polis \u2013 AGP \u2013 Tel.:<br>(24)9 8842-3235 WhatsApp\/site: www.guiasdeturismodepetropolis.com e-mail:<br>agpguias@gmail.comInstagram: @guiaspetropolis<br>https:\/\/www.petropolis.rj.gov.br\/turispetro\/passeioselazer<\/p>\n\n\n\n<p>\u201cARREDORES E BOAS COMPRAS\u201d<\/p>\n\n\n\n<p>RUA TERESA<\/p>\n\n\n\n<p>Domingo e feriados cada loja funciona de uma forma. Consulte sua loja de prefer\u00eancia<br>30 de maio e 02 de junho \u2013 Facultativo<br>31 de maio e 1\u00ba de junho das 9h \u00e0s 18h<br>Instagram:@ruateresaoficial<\/p>\n\n\n\n<p>BINGEN\u2013Polo de Modas, confec\u00e7\u00f5es, com\u00e9rcio de m\u00f3veis, estofados, tecidos para<br>decora\u00e7\u00e3o e acess\u00f3rios. Abertura das lojas facultativas.<br>30 de maio e 02 de junho \u2013 Facultativo<br>31 de maio e 1\u00ba de junho das 9h \u00e0s 17h<\/p>\n\n\n\n<p>POLO DE EXPERI\u00caNCIA DA RUA 16 DE MAR\u00c7O E ADJAC\u00caNCIAS<br>Domingo e feriados cada loja funciona de forma facultativa. Consulte sua loja de prefer\u00eancia<br>Instagram: @rua16demarco<br>30 de maio e 02 de junho &#8211; facultativo<br>31 de maio e 1\u00ba de junho das 9h \u00e0s 19h<\/p>\n\n\n\n<p>CIRCUITO PETR\u00d3POLIS ECOSOL<br>Espa\u00e7o de pequenos produtores locais<br>Pra\u00e7a Visconde de Mau\u00e1 \u2013 Centro Hist\u00f3rico<br>Feira de produtores locais, artesanato, gastronomia, artes visuais, brech\u00f3s e outros<br>30 e 31 de maio &#8211; Consultar<br>1\u00ba e 02 de junho das 10h \u00e0s 17h30<\/p>\n\n\n\n<p>FEIRA DE ARTESANATO &#8211; NOGUEIRA<br>Av. Leopoldina,398 \u2013 Pra\u00e7a de Nogueira<br>fechada<\/p>\n\n\n\n<p>FEIRINHA DE ITAIPAVA<br>BR 040 &#8211; KM 62 \u2013 Juiz de Fora X Rio<br>30 de maio a 02 de junho das 10h \u00e0s 19h<br>Instagram: @feirinha_itaipava<\/p>\n\n\n\n<p>CIRCUITO CERVEJEIRO DE PETR\u00d3POLIS<br>https:\/\/web3.petropolis.rj.gov.br\/turispetro\/circuitos-cervejeiros<br>Vila Cervejeira de Petr\u00f3polis @vilacervejeirapetropolis<\/p>\n\n\n\n<p>CIRCUITOS ECORRURAIS<br>Jeep Tour est\u00e1 funcionando normalmente com v\u00e1rias op\u00e7\u00f5es de roteiros. Com sa\u00eddas<br>di\u00e1rias. Agendamento pelo Tel.: (24) 998687125<br>Instagram:@jeeptourrj<\/p>\n\n\n\n<p>ROTA SECRETA: SABORES, HIST\u00d3RIA E NATUREZA<br>CIRCUITO ARARAS\u2013VIDEIRAS<br>CIRCUITO ECORRURAL CAMINHOS DO BREJAL<br>CIRCUITO PEDRAS DO TAQUARIL<br>CIRCUITO VALE DO BONFIM<\/p>\n","protected":false},"excerpt":{"rendered":"<p>A Prefeitura ir\u00e1 decretar ponto facultativo para o dia 31 de maio (sexta-feira), um dia<\/p>\n","protected":false},"author":1,"featured_media":30242,"comment_status":"closed","ping_status":"open","sticky":false,"template":"","format":"standard","meta":{"spay_email":"","footnotes":"","jetpack_publicize_message":""},"categories":[42],"tags":[],"jetpack_featured_media_url":"https:\/\/i2.wp.com\/jornaldeitaipava.com.br\/wp-content\/uploads\/2022\/08\/CATEDRAL.jpg?fit=1134%2C656&ssl=1","jetpack_publicize_connections":[],"jetpack_sharing_enabled":true,"jetpack_likes_enabled":true,"jetpack-related-posts":[],"_links":{"self":[{"href":"https:\/\/jornaldeitaipava.com.br\/index.php\/wp-json\/wp\/v2\/posts\/40009"}],"collection":[{"href":"https:\/\/jornaldeitaipava.com.br\/index.php\/wp-json\/wp\/v2\/posts"}],"about":[{"href":"https:\/\/jornaldeitaipava.com.br\/index.php\/wp-json\/wp\/v2\/types\/post"}],"author":[{"embeddable":true,"href":"https:\/\/jornaldeitaipava.com.br\/index.php\/wp-json\/wp\/v2\/users\/1"}],"replies":[{"embeddable":true,"href":"https:\/\/jornaldeitaipava.com.br\/index.php\/wp-json\/wp\/v2\/comments?post=40009"}],"version-history":[{"count":1,"href":"https:\/\/jornaldeitaipava.com.br\/index.php\/wp-json\/wp\/v2\/posts\/40009\/revisions"}],"predecessor-version":[{"id":40010,"href":"https:\/\/jornaldeitaipava.com.br\/index.php\/wp-json\/wp\/v2\/posts\/40009\/revisions\/40010"}],"wp:featuredmedia":[{"embeddable":true,"href":"https:\/\/jornaldeitaipava.com.br\/index.php\/wp-json\/wp\/v2\/media\/30242"}],"wp:attachment":[{"href":"https:\/\/jornaldeitaipava.com.br\/index.php\/wp-json\/wp\/v2\/media?parent=40009"}],"wp:term":[{"taxonomy":"category","embeddable":true,"href":"https:\/\/jornaldeitaipava.com.br\/index.php\/wp-json\/wp\/v2\/categories?post=40009"},{"taxonomy":"post_tag","embeddable":true,"href":"https:\/\/jornaldeitaipava.com.br\/index.php\/wp-json\/wp\/v2\/tags?post=40009"}],"curies":[{"name":"wp","href":"https:\/\/api.w.org\/{rel}","templated":true}]}}