{"id":40020,"date":"2024-05-29T18:48:14","date_gmt":"2024-05-29T21:48:14","guid":{"rendered":"http:\/\/jornaldeitaipava.com.br\/?p=40020"},"modified":"2024-05-29T18:48:16","modified_gmt":"2024-05-29T21:48:16","slug":"teresopolis-abraca-rs-quase-4-toneladas-de-alimentos-foram-arrecadados-para-ajudar-as-vitimas-das-enchentes-no-rs","status":"publish","type":"post","link":"https:\/\/jornaldeitaipava.com.br\/index.php\/2024\/05\/29\/teresopolis-abraca-rs-quase-4-toneladas-de-alimentos-foram-arrecadados-para-ajudar-as-vitimas-das-enchentes-no-rs\/","title":{"rendered":"\u2018Teres\u00f3polis abra\u00e7a RS\u2019: quase 4 toneladas de alimentos foram arrecadados para ajudar as v\u00edtimas das enchentes no RS"},"content":{"rendered":"\n<p>A campanha de arrecada\u00e7\u00e3o de donativos \u2018Ter\u00ea abra\u00e7a RS\u2019 para ajudar as v\u00edtimas das enchentes no Rio Grande do Sul obteve um grande volume de doa\u00e7\u00f5es. Por meio de ingressos solid\u00e1rios, em apenas dois jogos do Vasco da Gama, pelo Campeonato Brasileiro de Futsal, somamos um total de quase 4 toneladas de alimentos arrecadados.<br>Nesta ter\u00e7a, 28, o Rio Solid\u00e1rio fez o recolhimento do material, que ser\u00e1 levado para o Governo Estadual. Entre os alimentos doados est\u00e3o itens como arroz, macarr\u00e3o, feij\u00e3o, leite, a\u00e7\u00facar, farinha de trigo e de mandioca e caf\u00e9.<br>\u201cForam quase 4 toneladas de alimentos arrecadados para ajudar \u00e0s v\u00edtimas das enchentes no Rio Grande do Sul. Fico muito feliz em ver que Teres\u00f3polis se uniu em um ato de solidariedade, unindo for\u00e7as para arrecadar alimentos, \u00e1gua e outros itens vitais destinados \u00e0s cidades afetadas. Nosso agradecimento a todas as pessoas que fizeram sua doa\u00e7\u00e3o\u201d, enfatizou o Prefeito Vinicius Claussen.<br>A campanha \u201cTeres\u00f3polis abra\u00e7a RS\u201d foi organizada pela Secretaria Municipal de Governo e Coordena\u00e7\u00e3o, atrav\u00e9s da Ouvidoria Geral, e conta com apoio das secretarias municipais de Assist\u00eancia Social e Direitos Humanos e Esportes e Lazer.<br>A a\u00e7\u00e3o, voltada para a arrecada\u00e7\u00e3o de alimentos n\u00e3o perec\u00edveis, como \u00e1gua mineral, itens de higiene pessoal e produtos de limpeza, acontece durante toda a semana, n\u00e3o apenas em dias de jogos no Gin\u00e1sio Pedr\u00e3o. As doa\u00e7\u00f5es podem ser entregues de segunda a sexta, das 10h \u00e0s 17h.<br>\u201cEm esp\u00edrito de comunidade, estamos conseguindo dar suporte e esperan\u00e7a aos que mais necessitam. Cada gesto de apoio tece uma rede de esperan\u00e7a em meio \u00e0s adversidades. Juntos, demonstramos o poder da uni\u00e3o e da generosidade\u201d, concluiu o Prefeito.<\/p>\n","protected":false},"excerpt":{"rendered":"<p>A campanha de arrecada\u00e7\u00e3o de donativos \u2018Ter\u00ea abra\u00e7a RS\u2019 para ajudar as v\u00edtimas das enchentes<\/p>\n","protected":false},"author":1,"featured_media":40021,"comment_status":"closed","ping_status":"open","sticky":false,"template":"","format":"standard","meta":{"spay_email":"","footnotes":"","jetpack_publicize_message":""},"categories":[5],"tags":[],"jetpack_featured_media_url":"https:\/\/i1.wp.com\/jornaldeitaipava.com.br\/wp-content\/uploads\/2024\/05\/4.jpeg?fit=1600%2C1066&ssl=1","jetpack_publicize_connections":[],"jetpack_sharing_enabled":true,"jetpack_likes_enabled":true,"jetpack-related-posts":[],"_links":{"self":[{"href":"https:\/\/jornaldeitaipava.com.br\/index.php\/wp-json\/wp\/v2\/posts\/40020"}],"collection":[{"href":"https:\/\/jornaldeitaipava.com.br\/index.php\/wp-json\/wp\/v2\/posts"}],"about":[{"href":"https:\/\/jornaldeitaipava.com.br\/index.php\/wp-json\/wp\/v2\/types\/post"}],"author":[{"embeddable":true,"href":"https:\/\/jornaldeitaipava.com.br\/index.php\/wp-json\/wp\/v2\/users\/1"}],"replies":[{"embeddable":true,"href":"https:\/\/jornaldeitaipava.com.br\/index.php\/wp-json\/wp\/v2\/comments?post=40020"}],"version-history":[{"count":1,"href":"https:\/\/jornaldeitaipava.com.br\/index.php\/wp-json\/wp\/v2\/posts\/40020\/revisions"}],"predecessor-version":[{"id":40022,"href":"https:\/\/jornaldeitaipava.com.br\/index.php\/wp-json\/wp\/v2\/posts\/40020\/revisions\/40022"}],"wp:featuredmedia":[{"embeddable":true,"href":"https:\/\/jornaldeitaipava.com.br\/index.php\/wp-json\/wp\/v2\/media\/40021"}],"wp:attachment":[{"href":"https:\/\/jornaldeitaipava.com.br\/index.php\/wp-json\/wp\/v2\/media?parent=40020"}],"wp:term":[{"taxonomy":"category","embeddable":true,"href":"https:\/\/jornaldeitaipava.com.br\/index.php\/wp-json\/wp\/v2\/categories?post=40020"},{"taxonomy":"post_tag","embeddable":true,"href":"https:\/\/jornaldeitaipava.com.br\/index.php\/wp-json\/wp\/v2\/tags?post=40020"}],"curies":[{"name":"wp","href":"https:\/\/api.w.org\/{rel}","templated":true}]}}