{"id":40023,"date":"2024-05-30T09:30:00","date_gmt":"2024-05-30T12:30:00","guid":{"rendered":"http:\/\/jornaldeitaipava.com.br\/?p=40023"},"modified":"2024-05-29T18:50:04","modified_gmt":"2024-05-29T21:50:04","slug":"cdl-promove-reuniao-para-debater-seguranca-publica","status":"publish","type":"post","link":"https:\/\/jornaldeitaipava.com.br\/index.php\/2024\/05\/30\/cdl-promove-reuniao-para-debater-seguranca-publica\/","title":{"rendered":"CDL promove reuni\u00e3o para debater seguran\u00e7a p\u00fablica"},"content":{"rendered":"\n<p>Em pauta, pr\u00e1ticas em curso e novas a\u00e7\u00f5es para manter o t\u00edtulo de \u201ccidade mais segura do Estado\u201d<br>Calixto Barbosa, ex policial militar, coronel da reserva, especialista em seguran\u00e7a p\u00fablica, fala sobre o tema para empres\u00e1rios, reuni\u00e3o organizada pela C\u00e2mara de Dirigentes Lojistas de Petr\u00f3polis. Cidade mais segura do estado \u2013 em munic\u00edpios com mais de 100 mil habitantes \u2013 Petr\u00f3polis trabalha para manter o t\u00edtulo. A seguran\u00e7a \u00e9 um dos temas que envolve o com\u00e9rcio que se beneficia da tranquilidade que o consumidor encontra \u2013 moradores e turistas \u2013 nas suas compras. O encontro vai ser realizado na ter\u00e7a-feira (04\/06), \u00e0s 9h30, no audit\u00f3rio da CDL (Rua Irm\u00e3os D\u2019Angelo, 48, sobreloja) no Centro. As inscri\u00e7\u00f5es s\u00e3o gratuitas e devem ser feitas pelo telefone (24) 2244-1900.<br>\u201cA meta \u00e9 identificar na vis\u00e3o dos comerciantes em que pontos podemos avan\u00e7ar ainda mais. O objetivo \u00e9 manter o t\u00edtulo de cidade mais segura do estado, mas tamb\u00e9m reduzir os \u00edndices cada vez mais, de forma cont\u00ednua\u201d, afirma o presidente da CDL Petr\u00f3polis, Cl\u00e1udio Mohammad.<br>O Instituto de Seguran\u00e7a P\u00fablica do Estado do Rio de Janeiro (ISP-RJ) que acompanha o \u00edndice de criminalidade nas cidades fluminenses mostrou, com a atualiza\u00e7\u00e3o do painel em abril, que em um ano o n\u00famero de registro de ocorr\u00eancias subiu 20,7%. S\u00f3 este ano, 4.330 boletins j\u00e1 foram lavrados nas delegacias do munic\u00edpio. Os furtos apresentaram alta de 29,2% em compara\u00e7\u00e3o de abril com o m\u00eas de mar\u00e7o e 8,7% considerando 12 meses.<br>Um dos fatores que mais influencia em qualidade de vida \u00e9 a seguran\u00e7a da popula\u00e7\u00e3o. \u201cExiste um movimento migrat\u00f3rio acentuado para Petr\u00f3polis, principalmente de cariocas se estabelecendo aqui. Isso mostra como nossa cidade \u00e9 ambicionada por sua qualidade de vida. E queremos manter esse status melhorando cada vez mais. Existem crimes como roubos e furtos sanados com policiamento ostensivo. Essa semana a PM iniciou o Programa Ostensividade 2.0 com policiamento refor\u00e7ado entre 19h e 22h. S\u00e3o a\u00e7\u00f5es como essa que queremos ver em funcionamento\u201d, pontua o presidente da CDL Petr\u00f3polis.<br>Outro programas que tem contribu\u00eddo para a melhoria no setor \u00e9 o &#8220;Seguran\u00e7a Presente&#8221;, uma iniciativa que promove a presen\u00e7a constante de policiais e assistentes sociais em \u00e1reas estrat\u00e9gicas da cidade. Al\u00e9m disso, a parceria entre o setor p\u00fablico e privado tem sido essencial para o sucesso dessas a\u00e7\u00f5es, proporcionando mais recursos e tecnologias avan\u00e7adas para a vigil\u00e2ncia. Um dos exemplos \u00e9 o &#8216;PMERJ Digital&#8217; programa que estimula a cess\u00e3o de imagens e sistemas de alerta das c\u00e2meras e sensores dos estabelecimentos \u00e0 Pol\u00edcia Militar para colaborar com o monitoramento de locais de grande circula\u00e7\u00e3o. \u201cEssa parceria p\u00fablico-privada \u00e9 uma forma eficaz de fortalecer a seguran\u00e7a em nossa cidade\u201d, considera Cl\u00e1udio Mohammad.<br>No encontro, Calixto Barbosa discutir\u00e1 como essas colabora\u00e7\u00f5es t\u00eam sido fundamentais para garantir um ambiente seguro e acolhedor para moradores e turistas, fortalecendo o com\u00e9rcio local e atraindo novos investimentos e ir\u00e1 apontar ainda pontos que precisam ser mais trabalhadores alcan\u00e7ado n\u00famero ainda mais relevantes em excel\u00eancia em seguran\u00e7a.<\/p>\n","protected":false},"excerpt":{"rendered":"<p>Em pauta, pr\u00e1ticas em curso e novas a\u00e7\u00f5es para manter o t\u00edtulo de \u201ccidade mais<\/p>\n","protected":false},"author":1,"featured_media":40024,"comment_status":"closed","ping_status":"open","sticky":false,"template":"","format":"standard","meta":{"spay_email":"","footnotes":"","jetpack_publicize_message":""},"categories":[24],"tags":[],"jetpack_featured_media_url":"https:\/\/i1.wp.com\/jornaldeitaipava.com.br\/wp-content\/uploads\/2024\/05\/Portico-Quitandinha.jpg?fit=768%2C576&ssl=1","jetpack_publicize_connections":[],"jetpack_sharing_enabled":true,"jetpack_likes_enabled":true,"jetpack-related-posts":[],"_links":{"self":[{"href":"https:\/\/jornaldeitaipava.com.br\/index.php\/wp-json\/wp\/v2\/posts\/40023"}],"collection":[{"href":"https:\/\/jornaldeitaipava.com.br\/index.php\/wp-json\/wp\/v2\/posts"}],"about":[{"href":"https:\/\/jornaldeitaipava.com.br\/index.php\/wp-json\/wp\/v2\/types\/post"}],"author":[{"embeddable":true,"href":"https:\/\/jornaldeitaipava.com.br\/index.php\/wp-json\/wp\/v2\/users\/1"}],"replies":[{"embeddable":true,"href":"https:\/\/jornaldeitaipava.com.br\/index.php\/wp-json\/wp\/v2\/comments?post=40023"}],"version-history":[{"count":1,"href":"https:\/\/jornaldeitaipava.com.br\/index.php\/wp-json\/wp\/v2\/posts\/40023\/revisions"}],"predecessor-version":[{"id":40025,"href":"https:\/\/jornaldeitaipava.com.br\/index.php\/wp-json\/wp\/v2\/posts\/40023\/revisions\/40025"}],"wp:featuredmedia":[{"embeddable":true,"href":"https:\/\/jornaldeitaipava.com.br\/index.php\/wp-json\/wp\/v2\/media\/40024"}],"wp:attachment":[{"href":"https:\/\/jornaldeitaipava.com.br\/index.php\/wp-json\/wp\/v2\/media?parent=40023"}],"wp:term":[{"taxonomy":"category","embeddable":true,"href":"https:\/\/jornaldeitaipava.com.br\/index.php\/wp-json\/wp\/v2\/categories?post=40023"},{"taxonomy":"post_tag","embeddable":true,"href":"https:\/\/jornaldeitaipava.com.br\/index.php\/wp-json\/wp\/v2\/tags?post=40023"}],"curies":[{"name":"wp","href":"https:\/\/api.w.org\/{rel}","templated":true}]}}