{"id":40026,"date":"2024-05-29T18:52:08","date_gmt":"2024-05-29T21:52:08","guid":{"rendered":"http:\/\/jornaldeitaipava.com.br\/?p=40026"},"modified":"2024-05-29T18:52:11","modified_gmt":"2024-05-29T21:52:11","slug":"quitandinha-feriadao-tem-show-com-marquinhos-de-oswaldo-cruz-e-exposicao-de-arte-negra","status":"publish","type":"post","link":"https:\/\/jornaldeitaipava.com.br\/index.php\/2024\/05\/29\/quitandinha-feriadao-tem-show-com-marquinhos-de-oswaldo-cruz-e-exposicao-de-arte-negra\/","title":{"rendered":"Quitandinha: feriad\u00e3o tem show com Marquinhos de Oswaldo Cruz e exposi\u00e7\u00e3o de arte negra"},"content":{"rendered":"\n<p>Espet\u00e1culo com o fundador do Trem do Samba, no Rio, vai acontecer nesta sexta. P\u00fablico tamb\u00e9m poder\u00e1 visitar a mostra \u201cDos Brasis\u201d, com mais de 380 obras de artistas negros do pa\u00eds<br>O Centro Cultural Sesc Quitandinha (CCSQ), em Petr\u00f3polis, vai celebrar a cultura e a arte negra neste feriad\u00e3o de Corpus Christi. Na sexta-feira (31\/5), \u00e0s 20h, o cantor e compositor Marquinhos de Oswaldo Cruz apresenta o espet\u00e1culo \u201cUma \u00c1frica chamada Rio de Janeiro&#8221;, que celebra a heran\u00e7a deixada por povos escravizados que chegaram ao Brasil vindos de todos os cantos de \u00c1frica com seus cantos, diversas l\u00ednguas e culturas. O p\u00fablico tamb\u00e9m poder\u00e1 visitar a elogiada exposi\u00e7\u00e3o \u201cDos Brasis&#8221;, que exibe mais de 380 obras de artistas negros do pa\u00eds.<br>No show, Marquinhos, que fundou o Trem do Samba e a Feira das Yab\u00e1s, no Rio de Janeiro, vai apresentar can\u00e7\u00f5es do \u00e1lbum hom\u00f4nimo do projeto. O espet\u00e1culo \u00e9 dirigido pelo premiado carnavalesco Leandro Vieira, e faz uma viagem po\u00e9tico-musical pela di\u00e1spora africana, desde a chegada ao porto do Cais do Valongo at\u00e9 a regi\u00e3o de Madureira, na Zona Norte do Rio.<br>Para essa viagem, o diretor musical Marlon Sette coloca no palco 11 experientes m\u00fasicos, optando pelo tradicional na quest\u00e3o da harmonia e dos arranjos, mas explorando, nas melodias rebuscadas do canto de Marquinhos, toda a beleza dos sons dos regionais das vielas das favelas e dos fundos dos quintais suburbanos da Cidade Maravilhosa. O espet\u00e1culo conta ainda com a participa\u00e7\u00e3o de Kiko Horta, Jongo da Serrinha e Nina Rosa. A cenografia transporta mentes e cora\u00e7\u00f5es para uma paisagem sonora pouco vista.<\/p>\n\n\n\n<p><strong>Exposi\u00e7\u00e3o \u201cDos Brasis\u201d pode ser vista at\u00e9 27 de outubro<br><\/strong>O p\u00fablico tamb\u00e9m poder\u00e1 visitar, ao longo do fim de semana, a mais abrangente mostra dedicada exclusivamente \u00e0 produ\u00e7\u00e3o de artistas negros do pa\u00eds, a \u201cDos Brasis: arte e pensamento negro\u201d. A coletiva re\u00fane 384 obras de 241 artistas, expostas nos sal\u00f5es da \u00e1rea monumental do hist\u00f3rico edif\u00edcio, que em 2024 completou 80 anos. Parte dos trabalhos, alguns in\u00e9ditos, tamb\u00e9m s\u00e3o exibidos pela primeira vez na \u00e1rea externa do Quitandinha.<br>Sob curadoria de Igor Sim\u00f5es, em parceria com Lorraine Mendes e Marcelo Campos, a mostra \u00e9 resultado de um trabalho desenvolvido pelo Departamento Nacional do Sesc, em todo o pa\u00eds. A exposi\u00e7\u00e3o, em exibi\u00e7\u00e3o at\u00e9 27 de outubro, conta com sete n\u00facleos tem\u00e1ticos e apresenta obras em diversas linguagens art\u00edsticas, como pintura, fotografia, escultura, instala\u00e7\u00f5es e videoinstala\u00e7\u00f5es, produzidas desde o fim do s\u00e9culo XVIII at\u00e9 o s\u00e9culo XXI. A entrada \u00e9 gratuita.<\/p>\n\n\n\n<p><strong>SERVI\u00c7O<br><\/strong>Programa\u00e7\u00e3o &#8211; Centro Cultural Sesc Quitandinha (CCSQ)<br>Endere\u00e7o: Avenida Joaquim Rolla, n\u00ba 2, Quitandinha \u2013 Petr\u00f3polis<\/p>\n\n\n\n<p>M\u00fasica \u2013 \u201cUma \u00c1frica chamada Rio de Janeiro\u201d<br>Data: 31\/05, \u00e0s 20h<\/p>\n\n\n\n<p>Ingressos: R$ 10 (inteira), R$ 5 (meia) e gr\u00e1tis (credencial plena Sesc e p\u00fablico PCG)<\/p>\n\n\n\n<p>Classifica\u00e7\u00e3o: 14 anos<br>Exposi\u00e7\u00e3o &#8211; &#8220;Dos Brasis: Arte e Pensamento Negro&#8221;<br>Data: At\u00e9 27 de outubro de 2024<br>Hor\u00e1rios: Ter\u00e7as a domingos e feriados, das 10h \u00e0s 17h<br>Entrada gratuita<\/p>\n","protected":false},"excerpt":{"rendered":"<p>Espet\u00e1culo com o fundador do Trem do Samba, no Rio, vai acontecer nesta sexta. P\u00fablico<\/p>\n","protected":false},"author":1,"featured_media":40027,"comment_status":"closed","ping_status":"open","sticky":false,"template":"","format":"standard","meta":{"spay_email":"","footnotes":"","jetpack_publicize_message":""},"categories":[1],"tags":[],"jetpack_featured_media_url":"https:\/\/i2.wp.com\/jornaldeitaipava.com.br\/wp-content\/uploads\/2024\/05\/Uma-Africa-chamada-Rio-de-Janeiro_Divulgacao.jpg?fit=2475%2C1650&ssl=1","jetpack_publicize_connections":[],"jetpack_sharing_enabled":true,"jetpack_likes_enabled":true,"jetpack-related-posts":[],"_links":{"self":[{"href":"https:\/\/jornaldeitaipava.com.br\/index.php\/wp-json\/wp\/v2\/posts\/40026"}],"collection":[{"href":"https:\/\/jornaldeitaipava.com.br\/index.php\/wp-json\/wp\/v2\/posts"}],"about":[{"href":"https:\/\/jornaldeitaipava.com.br\/index.php\/wp-json\/wp\/v2\/types\/post"}],"author":[{"embeddable":true,"href":"https:\/\/jornaldeitaipava.com.br\/index.php\/wp-json\/wp\/v2\/users\/1"}],"replies":[{"embeddable":true,"href":"https:\/\/jornaldeitaipava.com.br\/index.php\/wp-json\/wp\/v2\/comments?post=40026"}],"version-history":[{"count":1,"href":"https:\/\/jornaldeitaipava.com.br\/index.php\/wp-json\/wp\/v2\/posts\/40026\/revisions"}],"predecessor-version":[{"id":40028,"href":"https:\/\/jornaldeitaipava.com.br\/index.php\/wp-json\/wp\/v2\/posts\/40026\/revisions\/40028"}],"wp:featuredmedia":[{"embeddable":true,"href":"https:\/\/jornaldeitaipava.com.br\/index.php\/wp-json\/wp\/v2\/media\/40027"}],"wp:attachment":[{"href":"https:\/\/jornaldeitaipava.com.br\/index.php\/wp-json\/wp\/v2\/media?parent=40026"}],"wp:term":[{"taxonomy":"category","embeddable":true,"href":"https:\/\/jornaldeitaipava.com.br\/index.php\/wp-json\/wp\/v2\/categories?post=40026"},{"taxonomy":"post_tag","embeddable":true,"href":"https:\/\/jornaldeitaipava.com.br\/index.php\/wp-json\/wp\/v2\/tags?post=40026"}],"curies":[{"name":"wp","href":"https:\/\/api.w.org\/{rel}","templated":true}]}}