{"id":40029,"date":"2024-05-29T18:55:46","date_gmt":"2024-05-29T21:55:46","guid":{"rendered":"http:\/\/jornaldeitaipava.com.br\/?p=40029"},"modified":"2024-05-29T18:55:48","modified_gmt":"2024-05-29T21:55:48","slug":"comunidade-catolica-celebra-festa-de-corpus-christi","status":"publish","type":"post","link":"https:\/\/jornaldeitaipava.com.br\/index.php\/2024\/05\/29\/comunidade-catolica-celebra-festa-de-corpus-christi\/","title":{"rendered":"Comunidade cat\u00f3lica celebra festa de Corpus Christi"},"content":{"rendered":"\n<p><strong>Via Diocese de Petr\u00f3polis<\/strong><\/p>\n\n\n\n<p><strong><br><\/strong>A Igreja Cat\u00f3lica celebra nesta quinta-feira, 30 de maio, a festa de Corpus Christi, quando a Eucaristia, o Corpo e Sangue de Jesus, deixa a igreja para a prociss\u00e3o pelas principais ruas da cidade, enfeitadas com tapete confeccionados com v\u00e1rios materiais e desenhos, manifestando a f\u00e9 do povo. Na Diocese de Petr\u00f3polis, haver\u00e1 missa e prociss\u00e3o em todas as 49 par\u00f3quias e o bispo diocesano, Dom Joel Portella Amado vai presidir a celebra\u00e7\u00e3o e a prociss\u00e3o, \u00e0s 9h, na Igreja Santa Teresa em Teres\u00f3polis e, \u00e0s 15h, na Catedral S\u00e3o Pedro de Alc\u00e2ntara em Petr\u00f3polis.<br>Desde a sua chegada na Diocese de Petr\u00f3polis, em 9 de mar\u00e7o, Dom Joel tem chamado aten\u00e7\u00e3o para fidelidade a palavra de Jesus, ao seu ensinamento e ao convite de sermos fi\u00e9is ao seu amor, que nos impulsiona a ir ao encontro do pr\u00f3ximo. O bispo diocesano afirma que \u201cJesus se deixou para n\u00f3s n\u00e3o como pedra, n\u00e3o como um metal precioso, n\u00e3o como moeda, n\u00e3o como espada, n\u00e3o como lan\u00e7a, n\u00e3o como instrumentos de viol\u00eancia e de guerra. Jesus se fez um peda\u00e7o de p\u00e3o. Jesus se faz e se entrega a n\u00f3s num pouco de vinho, numa gota de vinho, para mostrar a n\u00f3s e a palavra que ele diz e repetimos em toda missa: isto \u00e9 o meu corpo\u201d.<br>O bispo falando sobre o amor de uma pessoa que pode fazer qualquer coisa pela pessoa amada, afirma que este \u00e9 o amor de Jesus \u201cque n\u00e3o mata, mas que morre, que se entrega totalmente pelo outro. Jesus deixou um pequeno peda\u00e7o de p\u00e3o. Express\u00e3o de um amor t\u00e3o grande por n\u00f3s, porque para n\u00f3s n\u00e3o \u00e9 apenas p\u00e3o e vinho, \u00e9 o corpo e sangue de Jesus\u201d.<br>O Padre Leonardo Jo\u00e3o da Silva, Vig\u00e1rio Paroquial de Sant\u2019Ana e S\u00e3o Joaquim, Cascatinha, em Petr\u00f3polis e apresentador do programa Festas Lit\u00fargicas da Webtv Amor Divino \u2013 @WebTv1_AmorDivino \u2013 , afirma, que todos os fi\u00e9is precisam participar desta manifesta\u00e7\u00e3o de f\u00e9 em Cristo presente na Eucaristia. De acordo com ele, \u201cn\u00e3o apenas com a ideia de cumprir um preceito, mas correspondendo de forma toda especial ao grande amor do Senhor Jesus, que continua conosco na Eucaristia, que continua nos alimentando, que continua nos dando for\u00e7a para que tamb\u00e9m n\u00f3s, possamos professar nossa f\u00e9 e como continuadores dessa tradi\u00e7\u00e3o, levar tamb\u00e9m aos nossos irm\u00e3os e irm\u00e3os t\u00e3o grande realidade, t\u00e3o grande mist\u00e9rio da salva\u00e7\u00e3o\u201d.<\/p>\n\n\n\n<p><strong>Santa Juliana e a festa de Corpus Christi<br><\/strong>Entre as muitas figuras que se destacam na origem da festa de Corpus Christi, uma delas \u00e9 Santa Juliana de Cornillon, que como afirmou o Papa Bento XVI na audi\u00eancia geral de novembro de 2010: \u201cuma figura feminina pouco conhecida, mas \u00e0 qual a Igreja deve um grande reconhecimento, n\u00e3o apenas pela sua santidade de vida, mas tamb\u00e9m porque, com o seu intenso fervor, contribuiu para a institui\u00e7\u00e3o de uma das solenidades lit\u00fargicas mais importantes do ano, a do Corpus Christi\u201d.<br>Bento XVI chama aten\u00e7\u00e3o para o fato de que em Li\u00e8ge, na B\u00e9lgica. \u201cera, por assim dizer, um verdadeiro cen\u00e1culo eucar\u00edstico. Antes de Juliana, te\u00f3logos insignes explicaram ali o valor supremo do Sacramento da Eucaristia e, ainda em Li\u00e8ge, havia grupos femininos generosamente dedicados ao culto eucar\u00edstico e \u00e0 comunh\u00e3o fervorosa. Orientadas por sacerdotes exemplares, elas viviam juntas, dedicando-se \u00e0 ora\u00e7\u00e3o e \u00e0s obras de caridade\u201d.<br>O Papa, como fez com diversos santos e doutores da Igreja, faz uma apresenta\u00e7\u00e3o simples, por\u00e9m bem detalhada sobre a hist\u00f3ria de Santa Juliana, comentando que \u201cera dotada de um profundo sentido da presen\u00e7a de Cristo, que experimentava vivendo de modo particular o Sacramento da Eucaristia e detendo-se com frequ\u00eancia para meditar sobre estas palavras de Jesus: Eis que Eu estou convosco todos os dias, at\u00e9 ao fim do mundo\u201d. (Cf: Mt 28, 20)<br>De acordo com os relatos, como conta o Papa, com a idade de 16 anos, Juliana teve a primeira vis\u00e3o que \u201capresentava a lua no seu mais completo esplendor, com uma faixa escura que a atravessava diametralmente. O Senhor levou-a a compreender o significado daquilo que lhe tinha aparecido. A lua simbolizava a vida da Igreja na terra, a linha opaca representava, ao contr\u00e1rio, a aus\u00eancia de uma festa lit\u00fargica, para cuja institui\u00e7\u00e3o se pedia a Juliana que trabalhasse de maneira eficaz: ou seja, uma festa em que os fi\u00e9is pudessem adorar a Eucaristia para aumentar a f\u00e9, prosperar na pr\u00e1tica das virtudes e reparar as ofensas ao Sant\u00edssimo Sacramento\u201d.<br>Ela contou a vis\u00e3o que teve a duas mulheres e juntas passaram a glorificar o Sant\u00edssimo Sacramento e contaram o ocorrido ao Padre Jo\u00e3o de Lausanne, c\u00f3nego na igreja de S\u00e3o Martinho em Li\u00e8ge, \u201cpedindo-lhe que interpelasse te\u00f3logos e eclesi\u00e1sticos sobre aquilo que elas estimavam\u201d. A realiza\u00e7\u00e3o da festa de Corpus Christi, por\u00e9m somente se tornou realidade quando, em 1247, o Padre Roberto de Thourotte se tornou Bispo de Li\u00e9ge e a instituiu a n\u00edvel diocesano.<\/p>\n\n\n\n<p><strong>O milagre eucar\u00edstico e o Papa Urbano IV<br><\/strong>No entanto, em 1264, na cidade de Bolsena, quando um sacerdote que tinha d\u00favidas sobre sua f\u00e9, celebrava a Santa Missa, no momento da consagra\u00e7\u00e3o a h\u00f3stia em suas m\u00e3os tomou a cor de sangue e gotas de sangue surgiram manchando o corporal e o altar. O sacerdote levou no mesmo instante para o bispo da regi\u00e3o e este levou ao Papa Urbano IV, que, quando sacerdote havia conhecido Santa Juliana e dela ouviu sobre a vis\u00e3o.<br>Com a rela\u00e7\u00e3o ao Papa Urbano IV e sua rela\u00e7\u00e3o com a festa de Corpus Christi, Bento XVI faz o seguinte relato: \u201cO pr\u00f3prio Pont\u00edfice quis dar o exemplo, celebrando a solenidade do Corpus Christi em Orvieto, cidade onde ent\u00e3o residia. Precisamente por sua ordem, na Catedral dessa Cidade conservava-se \u2014 e ainda hoje se conserva \u2014 o c\u00e9lebre corporal com os vest\u00edgios do milagre eucar\u00edstico ocorrido no ano precedente, 1263, em Bolsena\u201d.<br>Tom\u00e1s de Aquino foi encarregado de compor um of\u00edcio lit\u00fargico para a solenidade: o hino mais famoso foi Sacris solemniis, cuja pen\u00faltima estrofe, que come\u00e7ava com as palavras Panis angelicus (P\u00e3o dos anjos), foi sempre tocada e cantada, separadamente, do resto do hino. Papa Urbano IV faleceu dois meses antes da institui\u00e7\u00e3o desta festa. Por isso, a bula nunca foi colocada em pr\u00e1tica. Os Papas Clemente V e, depois, Jo\u00e3o XII, a restabeleceram em 1317.<br>Bento XVI, concluiu sua catequese, em 2010, sobre Santa Juliana fazendo um convite a todos os fi\u00e9is: \u201cCaros amigos, a fidelidade ao encontro com Cristo Eucar\u00edstico na Santa Missa dominical \u00e9 essencial para o caminho de f\u00e9, mas procuremos tamb\u00e9m ir visitar frequentemente o Senhor presente no Tabern\u00e1culo! Contemplando em adora\u00e7\u00e3o a H\u00f3stia consagrada, n\u00f3s encontramos o dom do amor de Deus, encontramos a Paix\u00e3o e a Cruz de Jesus, assim como a sua Ressurrei\u00e7\u00e3o. Precisamente atrav\u00e9s do nosso olhar de adora\u00e7\u00e3o, o Senhor atrai-nos para Si, para dentro do seu mist\u00e9rio, em vista de nos transformar do mesmo modo como transforma o p\u00e3o e o vinho. Os Santos sempre hauriram for\u00e7a, consola\u00e7\u00e3o e alegria do encontro eucar\u00edstico. Com as palavras do Hino Eucar\u00edstico Adoro te devote repitamos diante do Senhor presente no Sant\u00edssimo Sacramento: Fazei-me crer cada vez mais em V\u00f3s, que em V\u00f3s eu tenha esperan\u00e7a, que eu vos ame!\u201d.<br>A tradi\u00e7\u00e3o dos tapetes no Brasil<br>Os tapetes de Corpus Christi s\u00e3o uma tradi\u00e7\u00e3o cat\u00f3lica popular, que \u00e9 comum em v\u00e1rias cidades do Brasil e Portugal, sendo confeccionados durante a celebra\u00e7\u00e3o do dia de Corpus Christi. Segundo tradi\u00e7\u00e3o antiga, a confec\u00e7\u00e3o dos tapetes para passagem do ostens\u00f3rio com a H\u00f3stia Consagrada estaria ligada a passagem do evangelho, que narra a entrada de Jesus em Jerusal\u00e9m, quando o povo ia colocando no ch\u00e3os panos e folhas para ele passar (Cf: Lc 19,29-40).<br>A pr\u00e1tica, surgida em Portugal e posteriormente difundida no Brasil durante o per\u00edodo da coloniza\u00e7\u00e3o consiste na confec\u00e7\u00e3o de representa\u00e7\u00f5es de cenas b\u00edblicas, objetos devocionais ou simples temas ornamentais sobre as ruas em que a prociss\u00e3o da Eucaristia passar\u00e1, o mais comum s\u00e3o desenhos que fazem alus\u00e3o \u00e0 figura de Cristo, do p\u00e3o e do c\u00e1lice.<br>Os tapetes, tradicionalmente confeccionados de serragem e sal coloridos, empregam nos dias atuais uma gama de materiais, tais como borra de caf\u00e9, areia, flores, farinhas, dentre outros. Nos \u00faltimos anos, algumas par\u00f3quias v\u00eam substituindo estes materiais, que seriam descartados, por roupas e alimentos que ap\u00f3s a prociss\u00e3o se constituir\u00e3o em cestas para doa\u00e7\u00e3o, um ato de fraternidade que, de imediato, gera menos res\u00edduo. Seu comprimento varia de acordo com cada cidade ou par\u00f3quia, indo desde poucas centenas de metros at\u00e9 alguns quil\u00f4metros.<\/p>\n","protected":false},"excerpt":{"rendered":"<p>Via Diocese de Petr\u00f3polis A Igreja Cat\u00f3lica celebra nesta quinta-feira, 30 de maio, a festa<\/p>\n","protected":false},"author":1,"featured_media":40030,"comment_status":"closed","ping_status":"open","sticky":false,"template":"","format":"standard","meta":{"spay_email":"","footnotes":"","jetpack_publicize_message":""},"categories":[24],"tags":[],"jetpack_featured_media_url":"https:\/\/i0.wp.com\/jornaldeitaipava.com.br\/wp-content\/uploads\/2024\/05\/procissao.jpg?fit=1536%2C1024&ssl=1","jetpack_publicize_connections":[],"jetpack_sharing_enabled":true,"jetpack_likes_enabled":true,"jetpack-related-posts":[],"_links":{"self":[{"href":"https:\/\/jornaldeitaipava.com.br\/index.php\/wp-json\/wp\/v2\/posts\/40029"}],"collection":[{"href":"https:\/\/jornaldeitaipava.com.br\/index.php\/wp-json\/wp\/v2\/posts"}],"about":[{"href":"https:\/\/jornaldeitaipava.com.br\/index.php\/wp-json\/wp\/v2\/types\/post"}],"author":[{"embeddable":true,"href":"https:\/\/jornaldeitaipava.com.br\/index.php\/wp-json\/wp\/v2\/users\/1"}],"replies":[{"embeddable":true,"href":"https:\/\/jornaldeitaipava.com.br\/index.php\/wp-json\/wp\/v2\/comments?post=40029"}],"version-history":[{"count":1,"href":"https:\/\/jornaldeitaipava.com.br\/index.php\/wp-json\/wp\/v2\/posts\/40029\/revisions"}],"predecessor-version":[{"id":40031,"href":"https:\/\/jornaldeitaipava.com.br\/index.php\/wp-json\/wp\/v2\/posts\/40029\/revisions\/40031"}],"wp:featuredmedia":[{"embeddable":true,"href":"https:\/\/jornaldeitaipava.com.br\/index.php\/wp-json\/wp\/v2\/media\/40030"}],"wp:attachment":[{"href":"https:\/\/jornaldeitaipava.com.br\/index.php\/wp-json\/wp\/v2\/media?parent=40029"}],"wp:term":[{"taxonomy":"category","embeddable":true,"href":"https:\/\/jornaldeitaipava.com.br\/index.php\/wp-json\/wp\/v2\/categories?post=40029"},{"taxonomy":"post_tag","embeddable":true,"href":"https:\/\/jornaldeitaipava.com.br\/index.php\/wp-json\/wp\/v2\/tags?post=40029"}],"curies":[{"name":"wp","href":"https:\/\/api.w.org\/{rel}","templated":true}]}}