{"id":40041,"date":"2024-06-03T11:18:48","date_gmt":"2024-06-03T14:18:48","guid":{"rendered":"http:\/\/jornaldeitaipava.com.br\/?p=40041"},"modified":"2024-06-03T11:19:00","modified_gmt":"2024-06-03T14:19:00","slug":"ainda-da-tempo-prazo-para-responder-questionario-que-dara-origem-a-documentario-sobre-petropolis-termina-em-junho","status":"publish","type":"post","link":"https:\/\/jornaldeitaipava.com.br\/index.php\/2024\/06\/03\/ainda-da-tempo-prazo-para-responder-questionario-que-dara-origem-a-documentario-sobre-petropolis-termina-em-junho\/","title":{"rendered":"Ainda d\u00e1 tempo: prazo para responder question\u00e1rio que dar\u00e1 origem a document\u00e1rio sobre Petr\u00f3polis termina em junho"},"content":{"rendered":"\n<p class=\"has-text-align-center\"><strong>Projeto &#8220;Petr\u00f3polis de Cada Um&#8221; convida moradores da cidade a compartilharem suas hist\u00f3rias e vis\u00f5es<\/strong><\/p>\n\n\n\n<p>Os moradores e turistas de Petr\u00f3polis t\u00eam at\u00e9 o final de junho para participar de um projeto especial que busca retratar a cidade atrav\u00e9s das hist\u00f3rias e perspectivas de quem vive ou passa pelo munic\u00edpio. O projeto &#8220;Petr\u00f3polis de Cada Um&#8221; est\u00e1 coletando relatos e vis\u00f5es para criar um document\u00e1rio que reflita a diversidade e a riqueza de experi\u00eancias na cidade.<br>Para contribuir, os interessados devem preencher um formul\u00e1rio online dispon\u00edvel no link https:\/\/forms.gle\/MMB2WmEJjPEXaKTNA. As perguntas foram cuidadosamente elaboradas para captar as diversas facetas da vida na cidade, como &#8220;Qual o seu lugar favorito em Petr\u00f3polis?&#8221;, &#8220;O que voc\u00ea acha que s\u00f3 tem em Petr\u00f3polis e em lugar nenhum do mundo?&#8221; e &#8220;O que voc\u00ea acha que necessita ser feito para a sua cidade ficar ainda melhor e mais bonita?&#8221;.<br>Essas respostas s\u00e3o fundamentais para orientar as entrevistas e construir a narrativa do document\u00e1rio, garantindo que o filme capture as vozes aut\u00eanticas de quem conhece o munic\u00edpio. O objetivo \u00e9 criar um registro que mostre a cidade atrav\u00e9s dos olhos de quem realmente a conhece, revelando as nuances e particularidades que fazem de Petr\u00f3polis um lugar \u00fanico.<br>Al\u00e9m de contribuir para a mem\u00f3ria coletiva da cidade, os participantes tamb\u00e9m ajudam a fortalecer o senso de pertencimento e identidade local. O projeto visa n\u00e3o apenas documentar a realidade atual de Petr\u00f3polis, mas tamb\u00e9m inspirar reflex\u00f5es sobre seu futuro e sobre como a comunidade pode trabalhar junta para melhorar a cidade.<br>O projeto &#8220;Petr\u00f3polis de Cada Um&#8221; \u00e9 realizado com recursos da Lei Paulo Gustavo, atrav\u00e9s do Fundo Municipal de Cultura, e foi contemplado no Edital de Produ\u00e7\u00f5es Audiovisuais (Chamada P\u00fablica 02\/2023) promovido pela Prefeitura de Petr\u00f3polis, via Instituto Municipal de Cultura. O financiamento vem do Governo Federal, e o projeto conta ainda com o apoio do Ensino M\u00e9dio Integrado em Produ\u00e7\u00e3o de \u00c1udio e V\u00eddeo do C.E. Dom Pedro II EMI-AV.<\/p>\n","protected":false},"excerpt":{"rendered":"<p>Projeto &#8220;Petr\u00f3polis de Cada Um&#8221; convida moradores da cidade a compartilharem suas hist\u00f3rias e vis\u00f5es<\/p>\n","protected":false},"author":1,"featured_media":40042,"comment_status":"closed","ping_status":"open","sticky":false,"template":"","format":"standard","meta":{"spay_email":"","footnotes":"","jetpack_publicize_message":""},"categories":[2],"tags":[],"jetpack_featured_media_url":"https:\/\/i2.wp.com\/jornaldeitaipava.com.br\/wp-content\/uploads\/2024\/06\/Foto-Giovani-Garcia-3.png?fit=1538%2C1244&ssl=1","jetpack_publicize_connections":[],"jetpack_sharing_enabled":true,"jetpack_likes_enabled":true,"jetpack-related-posts":[],"_links":{"self":[{"href":"https:\/\/jornaldeitaipava.com.br\/index.php\/wp-json\/wp\/v2\/posts\/40041"}],"collection":[{"href":"https:\/\/jornaldeitaipava.com.br\/index.php\/wp-json\/wp\/v2\/posts"}],"about":[{"href":"https:\/\/jornaldeitaipava.com.br\/index.php\/wp-json\/wp\/v2\/types\/post"}],"author":[{"embeddable":true,"href":"https:\/\/jornaldeitaipava.com.br\/index.php\/wp-json\/wp\/v2\/users\/1"}],"replies":[{"embeddable":true,"href":"https:\/\/jornaldeitaipava.com.br\/index.php\/wp-json\/wp\/v2\/comments?post=40041"}],"version-history":[{"count":1,"href":"https:\/\/jornaldeitaipava.com.br\/index.php\/wp-json\/wp\/v2\/posts\/40041\/revisions"}],"predecessor-version":[{"id":40043,"href":"https:\/\/jornaldeitaipava.com.br\/index.php\/wp-json\/wp\/v2\/posts\/40041\/revisions\/40043"}],"wp:featuredmedia":[{"embeddable":true,"href":"https:\/\/jornaldeitaipava.com.br\/index.php\/wp-json\/wp\/v2\/media\/40042"}],"wp:attachment":[{"href":"https:\/\/jornaldeitaipava.com.br\/index.php\/wp-json\/wp\/v2\/media?parent=40041"}],"wp:term":[{"taxonomy":"category","embeddable":true,"href":"https:\/\/jornaldeitaipava.com.br\/index.php\/wp-json\/wp\/v2\/categories?post=40041"},{"taxonomy":"post_tag","embeddable":true,"href":"https:\/\/jornaldeitaipava.com.br\/index.php\/wp-json\/wp\/v2\/tags?post=40041"}],"curies":[{"name":"wp","href":"https:\/\/api.w.org\/{rel}","templated":true}]}}