{"id":40047,"date":"2024-06-03T11:22:56","date_gmt":"2024-06-03T14:22:56","guid":{"rendered":"http:\/\/jornaldeitaipava.com.br\/?p=40047"},"modified":"2024-06-03T11:23:08","modified_gmt":"2024-06-03T14:23:08","slug":"concurso-abrace-a-bauern-2024-inscricoes-ja-estao-abertas","status":"publish","type":"post","link":"https:\/\/jornaldeitaipava.com.br\/index.php\/2024\/06\/03\/concurso-abrace-a-bauern-2024-inscricoes-ja-estao-abertas\/","title":{"rendered":"Concurso Abrace a Bauern 2024: inscri\u00e7\u00f5es j\u00e1 est\u00e3o abertas"},"content":{"rendered":"\n<p>Pr\u00eamio em dinheiro para os estabelecimentos que estiverem mais enfeitados no clima da Bauer<br>Come\u00e7ou no s\u00e1bado (01\/06) as inscri\u00e7\u00f5es para o concurso Abrace a Bauern 2024, promovido pela Prefeitura de Petr\u00f3polis e nove institui\u00e7\u00f5es parceiras &#8211; Sicom\u00e9rcio, Arte, Acep, CDL, Petr\u00f3polis Convention &amp; Visitors Bureau, Feirinha de Itaipava, Sindturismo, Associa\u00e7\u00e3o da Rua 16 de Mar\u00e7o e Associa\u00e7\u00e3o dos Microcervejeiros de Petr\u00f3polis (AMP). As inscri\u00e7\u00f5es devem ser feitas no site da Prefeitura (<a href=\"http:\/\/petropolis.rj.gov.br\">petropolis.rj.gov.br<\/a>).<\/p>\n\n\n\n<p>\u201cQueremos a cidade no clima da nossa maior festa, a Bauernfest\u201d, disse o prefeito Rubens Bomtempo. \u201cO Abrace a Bauern fomenta o turismo e torna a cidade mais bonita durante este per\u00edodo da Festa do Colono Alem\u00e3o\u201d, ressaltou o prefeito.<\/p>\n\n\n\n<p>O concurso vai premiar dois estabelecimentos que estiverem melhor enfeitados com o tema Bauernfest, levando em conta as cores da festa e tudo que a torna tradicional. Os pr\u00eamios ser\u00e3o em dinheiro \u2013 R$3 mil para o primeiro colocado e R$1,5 mil para o segundo.<\/p>\n\n\n\n<p>\u201cA cidade fica mais bonita, enfeitada e alegre nesses dias de festa. O Abrace a Bauern tem esse objetivo, fazer com que toda a cidade se envolva e festeje junto com a gente a Bauernfest, que \u00e9 uma das nossas maiores festas, trazendo turistas e movimentando a nossa economia\u201d, comentou a secret\u00e1ria de Turismo, Silvia Guedon.<\/p>\n\n\n\n<p>As inscri\u00e7\u00f5es seguem at\u00e9 o dia 30 de junho. A divulga\u00e7\u00e3o do resultado acontece no dia sete de julho, por meio das redes sociais das institui\u00e7\u00f5es e da Prefeitura. &#8220;\u00c9 importante os empres\u00e1rios participem desta iniciativa. A Bauern \u00e9, tradicionalmente, um destaque na programa\u00e7\u00e3o de eventos que fomenta os setores produtivos, com destaque para o com\u00e9rcio, hotelaria, turismo e gastronomia. As lojas enfeitadas s\u00e3o atrativas para os visitantes e esperamos um aumento significativo nas vendas durante a festa&#8221;, afirmou o presidente do Sicom\u00e9rcio Petr\u00f3polis, Marcelo Fiorini.<\/p>\n\n\n\n<p>A 35\u00aa Bauernfest acontece entre os dias 21 de junho a 07 de julho. A estrutura da festa j\u00e1 est\u00e1 sendo montada nos arredores do Pal\u00e1cio de Cristal. \u201cA Bauernfest \u00e9 um evento que precisa ser abra\u00e7ado por toda a cidade pela relev\u00e2ncia cultural que tem. No ano passado tivemos um momento especial com o concurso e queremos que este ano ele seja ainda mais participativo, que mais estabelecimentos estejam conosco nesta celebra\u00e7\u00e3o. \u00c9 momento de fortalecer mais a cultura, os eventos e de festejar\u201d, disse o presidente do PCVB de Petr\u00f3polis, Samir El Ghaoui.<\/p>\n","protected":false},"excerpt":{"rendered":"<p>Pr\u00eamio em dinheiro para os estabelecimentos que estiverem mais enfeitados no clima da BauerCome\u00e7ou no<\/p>\n","protected":false},"author":1,"featured_media":30465,"comment_status":"closed","ping_status":"open","sticky":false,"template":"","format":"standard","meta":{"spay_email":"","footnotes":"","jetpack_publicize_message":""},"categories":[2],"tags":[],"jetpack_featured_media_url":"https:\/\/i1.wp.com\/jornaldeitaipava.com.br\/wp-content\/uploads\/2022\/08\/BAUERR.jpg?fit=1599%2C1066&ssl=1","jetpack_publicize_connections":[],"jetpack_sharing_enabled":true,"jetpack_likes_enabled":true,"jetpack-related-posts":[],"_links":{"self":[{"href":"https:\/\/jornaldeitaipava.com.br\/index.php\/wp-json\/wp\/v2\/posts\/40047"}],"collection":[{"href":"https:\/\/jornaldeitaipava.com.br\/index.php\/wp-json\/wp\/v2\/posts"}],"about":[{"href":"https:\/\/jornaldeitaipava.com.br\/index.php\/wp-json\/wp\/v2\/types\/post"}],"author":[{"embeddable":true,"href":"https:\/\/jornaldeitaipava.com.br\/index.php\/wp-json\/wp\/v2\/users\/1"}],"replies":[{"embeddable":true,"href":"https:\/\/jornaldeitaipava.com.br\/index.php\/wp-json\/wp\/v2\/comments?post=40047"}],"version-history":[{"count":1,"href":"https:\/\/jornaldeitaipava.com.br\/index.php\/wp-json\/wp\/v2\/posts\/40047\/revisions"}],"predecessor-version":[{"id":40048,"href":"https:\/\/jornaldeitaipava.com.br\/index.php\/wp-json\/wp\/v2\/posts\/40047\/revisions\/40048"}],"wp:featuredmedia":[{"embeddable":true,"href":"https:\/\/jornaldeitaipava.com.br\/index.php\/wp-json\/wp\/v2\/media\/30465"}],"wp:attachment":[{"href":"https:\/\/jornaldeitaipava.com.br\/index.php\/wp-json\/wp\/v2\/media?parent=40047"}],"wp:term":[{"taxonomy":"category","embeddable":true,"href":"https:\/\/jornaldeitaipava.com.br\/index.php\/wp-json\/wp\/v2\/categories?post=40047"},{"taxonomy":"post_tag","embeddable":true,"href":"https:\/\/jornaldeitaipava.com.br\/index.php\/wp-json\/wp\/v2\/tags?post=40047"}],"curies":[{"name":"wp","href":"https:\/\/api.w.org\/{rel}","templated":true}]}}