{"id":40049,"date":"2024-06-03T11:28:02","date_gmt":"2024-06-03T14:28:02","guid":{"rendered":"http:\/\/jornaldeitaipava.com.br\/?p=40049"},"modified":"2024-06-03T11:28:08","modified_gmt":"2024-06-03T14:28:08","slug":"linhas-da-comunidade-do-alemao-serao-transferidas-para-a-rua-caldas-viana","status":"publish","type":"post","link":"https:\/\/jornaldeitaipava.com.br\/index.php\/2024\/06\/03\/linhas-da-comunidade-do-alemao-serao-transferidas-para-a-rua-caldas-viana\/","title":{"rendered":"Linhas da Comunidade do Alem\u00e3o ser\u00e3o transferidas para a Rua Caldas Viana"},"content":{"rendered":"\n<p class=\"has-text-align-center\"><strong>Medida faz parte da primeira fase da Reestrutura\u00e7\u00e3o do Transporte P\u00fablico<\/strong><\/p>\n\n\n\n<p>A partir de segunda-feira (03), as linhas (635) Comunidade do Alem\u00e3o e (636) Alto da Comunidade do Alem\u00e3o ter\u00e3o o ponto final transferido da Travessa Prudente de Aguiar para a Rua Caldas Viana, no Centro.<br>A medida faz parte da primeira fase de Reestrutura\u00e7\u00e3o do Transporte P\u00fablico. No in\u00edcio de maio, ap\u00f3s determina\u00e7\u00e3o do prefeito Rubens Bomtempo, a Via\u00e7\u00e3o Cascatinha foi proibida de circular sendo substitu\u00edda por empresas do sistema de transporte p\u00fablico da cidade.<br>&#8220;Desde o in\u00edcio da reestrutura\u00e7\u00e3o estamos ouvindo os moradores e fazendo as adequa\u00e7\u00f5es necess\u00e1rias para atender de forma segura e com qualidade&#8221;, disse o presidente da Companhia Petropolitana de Tr\u00e2nsito e Transportes (CPTrans), Diogo Esteves.<br><strong>Confira as linhas que fazem ponto na Rua Caldas Viana:<\/strong><\/p>\n\n\n\n<p>380 &#8211; Estrada da Saudade x Centro (linha nova)<br>*Ponto final<\/p>\n\n\n\n<p>328 &#8211; Fragoso (antiga 520)<br>*Circular na Rua Caldas Viana em hor\u00e1rios de pico<\/p>\n\n\n\n<p>329 &#8211; Monte Florido (antiga 521)<br>*Circular na Rua Caldas Viana em hor\u00e1rios de pico<\/p>\n\n\n\n<p>350 &#8211; Terminal Corr\u00eaas via Quissam\u00e3<br>*Ponto final<\/p>\n\n\n\n<p>500 &#8211; Terminal Corr\u00eaas via Estrada da Saudade<br>*Ponto final<\/p>\n\n\n\n<p>635 &#8211; Comunidade do Alem\u00e3o<br>*Ponto final<\/p>\n\n\n\n<p>636 &#8211; Alto Comunidade do Alem\u00e3o<br>*Ponto final<\/p>\n","protected":false},"excerpt":{"rendered":"<p>Medida faz parte da primeira fase da Reestrutura\u00e7\u00e3o do Transporte P\u00fablico A partir de segunda-feira<\/p>\n","protected":false},"author":1,"featured_media":40050,"comment_status":"closed","ping_status":"open","sticky":false,"template":"","format":"standard","meta":{"spay_email":"","footnotes":"","jetpack_publicize_message":""},"categories":[2],"tags":[],"jetpack_featured_media_url":"https:\/\/i2.wp.com\/jornaldeitaipava.com.br\/wp-content\/uploads\/2024\/06\/caldas-viana.png?fit=665%2C356&ssl=1","jetpack_publicize_connections":[],"jetpack_sharing_enabled":true,"jetpack_likes_enabled":true,"jetpack-related-posts":[],"_links":{"self":[{"href":"https:\/\/jornaldeitaipava.com.br\/index.php\/wp-json\/wp\/v2\/posts\/40049"}],"collection":[{"href":"https:\/\/jornaldeitaipava.com.br\/index.php\/wp-json\/wp\/v2\/posts"}],"about":[{"href":"https:\/\/jornaldeitaipava.com.br\/index.php\/wp-json\/wp\/v2\/types\/post"}],"author":[{"embeddable":true,"href":"https:\/\/jornaldeitaipava.com.br\/index.php\/wp-json\/wp\/v2\/users\/1"}],"replies":[{"embeddable":true,"href":"https:\/\/jornaldeitaipava.com.br\/index.php\/wp-json\/wp\/v2\/comments?post=40049"}],"version-history":[{"count":1,"href":"https:\/\/jornaldeitaipava.com.br\/index.php\/wp-json\/wp\/v2\/posts\/40049\/revisions"}],"predecessor-version":[{"id":40051,"href":"https:\/\/jornaldeitaipava.com.br\/index.php\/wp-json\/wp\/v2\/posts\/40049\/revisions\/40051"}],"wp:featuredmedia":[{"embeddable":true,"href":"https:\/\/jornaldeitaipava.com.br\/index.php\/wp-json\/wp\/v2\/media\/40050"}],"wp:attachment":[{"href":"https:\/\/jornaldeitaipava.com.br\/index.php\/wp-json\/wp\/v2\/media?parent=40049"}],"wp:term":[{"taxonomy":"category","embeddable":true,"href":"https:\/\/jornaldeitaipava.com.br\/index.php\/wp-json\/wp\/v2\/categories?post=40049"},{"taxonomy":"post_tag","embeddable":true,"href":"https:\/\/jornaldeitaipava.com.br\/index.php\/wp-json\/wp\/v2\/tags?post=40049"}],"curies":[{"name":"wp","href":"https:\/\/api.w.org\/{rel}","templated":true}]}}