{"id":40131,"date":"2024-06-06T10:02:30","date_gmt":"2024-06-06T13:02:30","guid":{"rendered":"http:\/\/jornaldeitaipava.com.br\/?p=40131"},"modified":"2024-06-06T10:02:35","modified_gmt":"2024-06-06T13:02:35","slug":"projeto-de-lei-promove-a-conscientizacao-sobre-os-maleficios-do-uso-do-cigarro-eletronico","status":"publish","type":"post","link":"https:\/\/jornaldeitaipava.com.br\/index.php\/2024\/06\/06\/projeto-de-lei-promove-a-conscientizacao-sobre-os-maleficios-do-uso-do-cigarro-eletronico\/","title":{"rendered":"Projeto de lei promove a conscientiza\u00e7\u00e3o sobre os malef\u00edcios do uso do cigarro eletr\u00f4nico"},"content":{"rendered":"\n<p>Na ter\u00e7a-feira (04), a C\u00e2mara Municipal aprovou a reda\u00e7\u00e3o final do projeto de lei do vereador Hingo Hammes, do PP, sobre a promo\u00e7\u00e3o de a\u00e7\u00f5es para a conscientiza\u00e7\u00e3o dos malef\u00edcios do uso do cigarro eletr\u00f4nico.<br>O texto prev\u00ea a realiza\u00e7\u00e3o de campanhas em escolas, unidades de sa\u00fade, transporte p\u00fablico e m\u00eddia, programas educativos, oferta de apoio psicossocial para lidar com o v\u00edcio e a divulga\u00e7\u00e3o de indicadores relacionados ao uso do cigarro eletr\u00f4nico.<br>&#8220;A gente vem percebendo o crescente uso do cigarro eletr\u00f4nico, especialmente, entre os jovens da nossa cidade. Estat\u00edsticas comprovam uma correla\u00e7\u00e3o direta entre o uso desse dispositivo e graves problemas de sa\u00fade&#8221;, afirma o vereador Hingo Hammes.<br>O projeto de lei diz ainda que a Secretaria de Esportes, Promo\u00e7\u00e3o da Sa\u00fade, Juventude, Idoso e Lazer pode buscar parcerias que promovam atividades f\u00edsicas como forma de preven\u00e7\u00e3o e conscientiza\u00e7\u00e3o.<br>&#8220;O incentivo ao esporte tamb\u00e9m \u00e9 um importante aliado na conscientiza\u00e7\u00e3o. Cada vez mais, precisamos incluir os jovens nas mais diversas modalidades esportivas&#8221;, completou Hingo Hammes.<br>O projeto, a partir de agora, ser\u00e1 encaminhado para o poder executivo.<\/p>\n","protected":false},"excerpt":{"rendered":"<p>Na ter\u00e7a-feira (04), a C\u00e2mara Municipal aprovou a reda\u00e7\u00e3o final do projeto de lei do<\/p>\n","protected":false},"author":1,"featured_media":26701,"comment_status":"closed","ping_status":"open","sticky":false,"template":"","format":"standard","meta":{"spay_email":"","footnotes":"","jetpack_publicize_message":""},"categories":[2],"tags":[],"jetpack_featured_media_url":"https:\/\/i2.wp.com\/jornaldeitaipava.com.br\/wp-content\/uploads\/2022\/04\/cigarro-eletronico.jpg?fit=1000%2C639&ssl=1","jetpack_publicize_connections":[],"jetpack_sharing_enabled":true,"jetpack_likes_enabled":true,"jetpack-related-posts":[],"_links":{"self":[{"href":"https:\/\/jornaldeitaipava.com.br\/index.php\/wp-json\/wp\/v2\/posts\/40131"}],"collection":[{"href":"https:\/\/jornaldeitaipava.com.br\/index.php\/wp-json\/wp\/v2\/posts"}],"about":[{"href":"https:\/\/jornaldeitaipava.com.br\/index.php\/wp-json\/wp\/v2\/types\/post"}],"author":[{"embeddable":true,"href":"https:\/\/jornaldeitaipava.com.br\/index.php\/wp-json\/wp\/v2\/users\/1"}],"replies":[{"embeddable":true,"href":"https:\/\/jornaldeitaipava.com.br\/index.php\/wp-json\/wp\/v2\/comments?post=40131"}],"version-history":[{"count":1,"href":"https:\/\/jornaldeitaipava.com.br\/index.php\/wp-json\/wp\/v2\/posts\/40131\/revisions"}],"predecessor-version":[{"id":40132,"href":"https:\/\/jornaldeitaipava.com.br\/index.php\/wp-json\/wp\/v2\/posts\/40131\/revisions\/40132"}],"wp:featuredmedia":[{"embeddable":true,"href":"https:\/\/jornaldeitaipava.com.br\/index.php\/wp-json\/wp\/v2\/media\/26701"}],"wp:attachment":[{"href":"https:\/\/jornaldeitaipava.com.br\/index.php\/wp-json\/wp\/v2\/media?parent=40131"}],"wp:term":[{"taxonomy":"category","embeddable":true,"href":"https:\/\/jornaldeitaipava.com.br\/index.php\/wp-json\/wp\/v2\/categories?post=40131"},{"taxonomy":"post_tag","embeddable":true,"href":"https:\/\/jornaldeitaipava.com.br\/index.php\/wp-json\/wp\/v2\/tags?post=40131"}],"curies":[{"name":"wp","href":"https:\/\/api.w.org\/{rel}","templated":true}]}}