{"id":40136,"date":"2024-06-06T10:05:57","date_gmt":"2024-06-06T13:05:57","guid":{"rendered":"http:\/\/jornaldeitaipava.com.br\/?p=40136"},"modified":"2024-06-06T10:06:01","modified_gmt":"2024-06-06T13:06:01","slug":"acao-de-conscientizacao-em-itaipava-coibe-estacionamento-irregular","status":"publish","type":"post","link":"https:\/\/jornaldeitaipava.com.br\/index.php\/2024\/06\/06\/acao-de-conscientizacao-em-itaipava-coibe-estacionamento-irregular\/","title":{"rendered":"A\u00e7\u00e3o de conscientiza\u00e7\u00e3o em Itaipava co\u00edbe estacionamento irregular"},"content":{"rendered":"\n<p>A a\u00e7\u00e3o educativa em Itaipava realizada pela Prefeitura, visando coibir o estacionamento irregular, teve resultados positivos durante o feriad\u00e3o de Corpus Christi. Houve uma redu\u00e7\u00e3o significativa no registro de infra\u00e7\u00f5es no tr\u00e2nsito, principalmente, a ocupa\u00e7\u00e3o das cal\u00e7adas de forma irregular.<br>A mobiliza\u00e7\u00e3o aconteceu durante o Maio Amarelo \u2013 m\u00eas dedicado a conscientiza\u00e7\u00e3o para um tr\u00e2nsito mais seguro e consciente \u2013 e teve como foco o estacionamento nas cal\u00e7adas, alvo principal das den\u00fancias dos pedestres, principalmente as pessoas com defici\u00eancia e \/ou com mobilidade reduzida.<br>\u201cFoi uma a\u00e7\u00e3o importante e que gerou resultado, deixando as cal\u00e7adas livres para os pedestres\u201d, comentou o prefeito Rubens Bomtempo. A a\u00e7\u00e3o, com panfletagem no com\u00e9rcio local, aconteceu no quarta-feira (29), um dia antes do in\u00edcio do feriad\u00e3o, e contou com a participa\u00e7\u00e3o do presidente da Companhia Petropolitana de Tr\u00e2nsito e Transportes (CPTrans), Diogo Esteves e da secret\u00e1ria da Pessoa com Defici\u00eancia, Mobilidade Reduzida e Doen\u00e7as Raras, M\u00e1rcia Schanuel.<br>\u201cA a\u00e7\u00e3o educativa Maio Amarelo na semana passada em Itaipava foi eficaz, pois neste final de semana, mesmo com a cidade lotada devido ao feriad\u00e3o e ao evento no Parque de Itaipava, n\u00e3o haviam ve\u00edculos estacionados nas cal\u00e7adas como de costume. Parab\u00e9ns por mais um trabalho em prol dos pedestres, principalmente para os PcDs e pessoas com mobilidade reduzida\u201d, disse Chen Li Cheng, idealizador do projeto INcluir Petr\u00f3polis.<br>\u201cNo dia conversamos com os comerciantes para nos ajudar nessa conscientiza\u00e7\u00e3o. A cal\u00e7ada \u00e9 para os pedestres e devem estar livres. Novas a\u00e7\u00f5es ser\u00e3o realizadas\u201d, ressaltou Diogo Esteves. \u201cO que mais ouvimos de motoristas estacionados irregularmente \u00e9 que pararam por apenas cinco minutos. Precisamos ter consci\u00eancia de que a vaga para pessoas com defici\u00eancia\/idoso, ou cal\u00e7adas, n\u00e3o devem ser ocupadas em momento nenhum\u201d, enfatizou, M\u00e1rcia Schanuel.<\/p>\n","protected":false},"excerpt":{"rendered":"<p>A a\u00e7\u00e3o educativa em Itaipava realizada pela Prefeitura, visando coibir o estacionamento irregular, teve resultados<\/p>\n","protected":false},"author":1,"featured_media":24002,"comment_status":"closed","ping_status":"open","sticky":false,"template":"","format":"standard","meta":{"spay_email":"","footnotes":"","jetpack_publicize_message":""},"categories":[2],"tags":[],"jetpack_featured_media_url":"https:\/\/i1.wp.com\/jornaldeitaipava.com.br\/wp-content\/uploads\/2022\/01\/transito-ita.png?fit=1200%2C1144&ssl=1","jetpack_publicize_connections":[],"jetpack_sharing_enabled":true,"jetpack_likes_enabled":true,"jetpack-related-posts":[],"_links":{"self":[{"href":"https:\/\/jornaldeitaipava.com.br\/index.php\/wp-json\/wp\/v2\/posts\/40136"}],"collection":[{"href":"https:\/\/jornaldeitaipava.com.br\/index.php\/wp-json\/wp\/v2\/posts"}],"about":[{"href":"https:\/\/jornaldeitaipava.com.br\/index.php\/wp-json\/wp\/v2\/types\/post"}],"author":[{"embeddable":true,"href":"https:\/\/jornaldeitaipava.com.br\/index.php\/wp-json\/wp\/v2\/users\/1"}],"replies":[{"embeddable":true,"href":"https:\/\/jornaldeitaipava.com.br\/index.php\/wp-json\/wp\/v2\/comments?post=40136"}],"version-history":[{"count":1,"href":"https:\/\/jornaldeitaipava.com.br\/index.php\/wp-json\/wp\/v2\/posts\/40136\/revisions"}],"predecessor-version":[{"id":40137,"href":"https:\/\/jornaldeitaipava.com.br\/index.php\/wp-json\/wp\/v2\/posts\/40136\/revisions\/40137"}],"wp:featuredmedia":[{"embeddable":true,"href":"https:\/\/jornaldeitaipava.com.br\/index.php\/wp-json\/wp\/v2\/media\/24002"}],"wp:attachment":[{"href":"https:\/\/jornaldeitaipava.com.br\/index.php\/wp-json\/wp\/v2\/media?parent=40136"}],"wp:term":[{"taxonomy":"category","embeddable":true,"href":"https:\/\/jornaldeitaipava.com.br\/index.php\/wp-json\/wp\/v2\/categories?post=40136"},{"taxonomy":"post_tag","embeddable":true,"href":"https:\/\/jornaldeitaipava.com.br\/index.php\/wp-json\/wp\/v2\/tags?post=40136"}],"curies":[{"name":"wp","href":"https:\/\/api.w.org\/{rel}","templated":true}]}}