{"id":40201,"date":"2024-06-11T10:21:33","date_gmt":"2024-06-11T13:21:33","guid":{"rendered":"http:\/\/jornaldeitaipava.com.br\/?p=40201"},"modified":"2024-06-11T10:21:37","modified_gmt":"2024-06-11T13:21:37","slug":"arraia-do-amor-termina-com-publico-recorde-e-promete-edicao-ainda-maior-para-2025","status":"publish","type":"post","link":"https:\/\/jornaldeitaipava.com.br\/index.php\/2024\/06\/11\/arraia-do-amor-termina-com-publico-recorde-e-promete-edicao-ainda-maior-para-2025\/","title":{"rendered":"Arrai\u00e1 do Amor termina com p\u00fablico recorde e promete edi\u00e7\u00e3o ainda maior para 2025"},"content":{"rendered":"\n<p>Em sua segunda edi\u00e7\u00e3o, o Arrai\u00e1 do Amor se consolida como uma das maiores festas juninas da regi\u00e3o, com um p\u00fablico estimado de cerca de 80 mil pessoas ao longo de sete dias de evento. Para 2025, a organiza\u00e7\u00e3o planeja aumentar ainda mais o evento, oferecendo maior comodidade, conforto e variedade de entretenimento ao p\u00fablico. O Arrai\u00e1 do Amor tem o patroc\u00ednio da Caixa e da Funarj.<br>A demanda pelas comidas t\u00edpicas foi grande. Com os dias quentes e temperaturas caindo a partir do p\u00f4r-do-sol, as comidas quentes ganharam destaque: 1,5 tonelada de caldos consumidos e mais de 3 mil unidades de fondues vendidos. O cl\u00e1ssico salsich\u00e3o foi adquirido pelo p\u00fablico 7.700 vezes e mais de 1000 unidades de ma\u00e7\u00e3 do amor vendidas. Ber\u00e7o Imperial da Cerveja, a bebida foi umas das preferidas do p\u00fablico, com 33 mil copos comprados na festa.<br>&#8220;Eventos como o Arrai\u00e1 do Amor s\u00e3o essenciais para a economia e o turismo de Petr\u00f3polis. Nesta edi\u00e7\u00e3o foram gerados 400 empregos direto e cerca de 1.200 indiretos. Tamb\u00e9m observamos pessoas de todo o estado virem prestigiar o evento, e isso nos motiva a oferecer uma edi\u00e7\u00e3o ainda maior e melhor no pr\u00f3ximo ano\u201d, anuncia um dos organizadores do evento, Rodrigo Paiva.<br>Os espa\u00e7os instagram\u00e1veis foram um verdadeiro sucesso, atraindo milhares de pessoas que registraram seus momentos de alegria e divers\u00e3o. Destaque para igreginha, onde foram \u201ccelebradas\u201d a uni\u00e3o dos casais e do cupido, que flechou o cora\u00e7\u00e3o do p\u00fablico. Al\u00e9m disso, os shows das bandas e as quadrilhas foram pontos altos do evento, fazendo com que o p\u00fablico dan\u00e7asse e aproveitasse ao m\u00e1ximo as noites de festa.<br>\u201cA festa foi muito boa, com \u00f3timos shows e o p\u00fablico muito animado. Gostei muito das comidas t\u00edpicas, j\u00e1 que vi muitas barracas e muitas op\u00e7\u00f5es. Havia filas, como em todo evento cheio, mas o atendimento era bem r\u00e1pido. O que eu mais gostei foi a parte cenogr\u00e1fica da igreja, que tinha at\u00e9 padre fazendo casamento simb\u00f3lico\u201d, disse Fernanda Rabello, moradora de Petr\u00f3polis, que foi pela primeira vez no Arrai\u00e1 do Amor neste fim de semana.<br>Com o sucesso desta edi\u00e7\u00e3o, a expectativa para 2025 \u00e9 ainda maior. A organiza\u00e7\u00e3o promete investir em melhorias na infraestrutura, ampliar as op\u00e7\u00f5es gastron\u00f4micas e trazer novas atra\u00e7\u00f5es para garantir que o Arrai\u00e1 do Amor continue crescendo e encantando todos os seus visitantes.<\/p>\n","protected":false},"excerpt":{"rendered":"<p>Em sua segunda edi\u00e7\u00e3o, o Arrai\u00e1 do Amor se consolida como uma das maiores festas<\/p>\n","protected":false},"author":1,"featured_media":40202,"comment_status":"closed","ping_status":"open","sticky":false,"template":"","format":"standard","meta":{"spay_email":"","footnotes":"","jetpack_publicize_message":""},"categories":[42],"tags":[],"jetpack_featured_media_url":"https:\/\/i0.wp.com\/jornaldeitaipava.com.br\/wp-content\/uploads\/2024\/06\/PHOTO-2024-06-01-10-29-33.jpg?fit=1600%2C1200&ssl=1","jetpack_publicize_connections":[],"jetpack_sharing_enabled":true,"jetpack_likes_enabled":true,"jetpack-related-posts":[],"_links":{"self":[{"href":"https:\/\/jornaldeitaipava.com.br\/index.php\/wp-json\/wp\/v2\/posts\/40201"}],"collection":[{"href":"https:\/\/jornaldeitaipava.com.br\/index.php\/wp-json\/wp\/v2\/posts"}],"about":[{"href":"https:\/\/jornaldeitaipava.com.br\/index.php\/wp-json\/wp\/v2\/types\/post"}],"author":[{"embeddable":true,"href":"https:\/\/jornaldeitaipava.com.br\/index.php\/wp-json\/wp\/v2\/users\/1"}],"replies":[{"embeddable":true,"href":"https:\/\/jornaldeitaipava.com.br\/index.php\/wp-json\/wp\/v2\/comments?post=40201"}],"version-history":[{"count":1,"href":"https:\/\/jornaldeitaipava.com.br\/index.php\/wp-json\/wp\/v2\/posts\/40201\/revisions"}],"predecessor-version":[{"id":40203,"href":"https:\/\/jornaldeitaipava.com.br\/index.php\/wp-json\/wp\/v2\/posts\/40201\/revisions\/40203"}],"wp:featuredmedia":[{"embeddable":true,"href":"https:\/\/jornaldeitaipava.com.br\/index.php\/wp-json\/wp\/v2\/media\/40202"}],"wp:attachment":[{"href":"https:\/\/jornaldeitaipava.com.br\/index.php\/wp-json\/wp\/v2\/media?parent=40201"}],"wp:term":[{"taxonomy":"category","embeddable":true,"href":"https:\/\/jornaldeitaipava.com.br\/index.php\/wp-json\/wp\/v2\/categories?post=40201"},{"taxonomy":"post_tag","embeddable":true,"href":"https:\/\/jornaldeitaipava.com.br\/index.php\/wp-json\/wp\/v2\/tags?post=40201"}],"curies":[{"name":"wp","href":"https:\/\/api.w.org\/{rel}","templated":true}]}}