{"id":40204,"date":"2024-06-11T10:24:30","date_gmt":"2024-06-11T13:24:30","guid":{"rendered":"http:\/\/jornaldeitaipava.com.br\/?p=40204"},"modified":"2024-06-11T10:24:33","modified_gmt":"2024-06-11T13:24:33","slug":"festival-do-chocolate-mundo-magico-ainda-possui-vagas-abertas-para-expositores","status":"publish","type":"post","link":"https:\/\/jornaldeitaipava.com.br\/index.php\/2024\/06\/11\/festival-do-chocolate-mundo-magico-ainda-possui-vagas-abertas-para-expositores\/","title":{"rendered":"Festival do Chocolate Mundo M\u00e1gico ainda possui vagas abertas para expositores"},"content":{"rendered":"\n<p>O Festival do Chocolate Mundo M\u00e1gico, que promete aquecer a alta temporada de inverno em Petr\u00f3polis, ainda est\u00e1 com vagas abertas para f\u00e1bricas de chocolate interessadas em expor no evento. Com a maioria dos expositores j\u00e1 confirmados, a organiza\u00e7\u00e3o incentiva as f\u00e1bricas, independentemente do porte, a se apressarem para garantir sua participa\u00e7\u00e3o. Os interessados devem contatar Rodrigo Duarte, da organiza\u00e7\u00e3o do evento, pelo e-mail: rodrigo@deguste.rio.br.<br>O evento ocorrer\u00e1 em dois fins de semana consecutivos, de 26 a 28 de julho e de 2 a 4 de agosto, no Pal\u00e1cio de Cristal. Com entrada franca, o festival espera atrair uma ampla audi\u00eancia, oferecendo oportunidade para expositores de chocolate que buscam visibilidade e intera\u00e7\u00e3o direta com um p\u00fablico diversificado.<br>&#8220;O Festival do Chocolate Mundo M\u00e1gico Petr\u00f3polis deve impulsionar o turismo local e proporcionar uma experi\u00eancia \u00fanica tanto para moradores da cidade quanto para visitantes. Por isso, convidamos f\u00e1bricas de chocolate a se juntarem a n\u00f3s neste evento, que promete trazer visibilidade, engajamento e crescimento para todos os participantes\u201d, destaca Rodrigo.<br>O festival tamb\u00e9m oferece a oportunidade de engajamento, onde as f\u00e1bricas poder\u00e3o interagir diretamente com o p\u00fablico, criando experi\u00eancias que geram neg\u00f3cios e aumentam a visibilidade da marca. As ativa\u00e7\u00f5es, como estandes interativos, s\u00e3o altamente incentivadas. Outro benef\u00edcio \u00e9 o networking, com oportunidades para interagir com outros participantes, fortalecendo parcerias estrat\u00e9gicas.<br>O evento contar\u00e1 com uma variedade de atra\u00e7\u00f5es, incluindo expositores de chocolate, gastronomia diversificada, bar, estandes de artesanato, shows, oficinas gastron\u00f4micas, competi\u00e7\u00e3o de esculturas de chocolate, espa\u00e7o kids e muito mais. Dom Cacau, o personagem l\u00fadico do evento, ser\u00e1 o anfitri\u00e3o, e promete encantar adultos e crian\u00e7as com sua presen\u00e7a.<\/p>\n\n\n\n<p>Servi\u00e7o:<br>Festival do Chocolate Mundo M\u00e1gico<br>Local: Pal\u00e1cio de Cristal<br>Endere\u00e7o: Rua Alfredo Pach\u00e1, s\/n\u00ba, Centro Hist\u00f3rico, Petr\u00f3polis-RJ<br>Datas: 26 a 28 de julho e 2 a 4 de agosto<\/p>\n","protected":false},"excerpt":{"rendered":"<p>O Festival do Chocolate Mundo M\u00e1gico, que promete aquecer a alta temporada de inverno em<\/p>\n","protected":false},"author":1,"featured_media":30081,"comment_status":"closed","ping_status":"open","sticky":false,"template":"","format":"standard","meta":{"spay_email":"","footnotes":"","jetpack_publicize_message":""},"categories":[42],"tags":[],"jetpack_featured_media_url":"https:\/\/i2.wp.com\/jornaldeitaipava.com.br\/wp-content\/uploads\/2022\/07\/PALACIO-DE-CRISTAL.jpg?fit=1280%2C853&ssl=1","jetpack_publicize_connections":[],"jetpack_sharing_enabled":true,"jetpack_likes_enabled":true,"jetpack-related-posts":[],"_links":{"self":[{"href":"https:\/\/jornaldeitaipava.com.br\/index.php\/wp-json\/wp\/v2\/posts\/40204"}],"collection":[{"href":"https:\/\/jornaldeitaipava.com.br\/index.php\/wp-json\/wp\/v2\/posts"}],"about":[{"href":"https:\/\/jornaldeitaipava.com.br\/index.php\/wp-json\/wp\/v2\/types\/post"}],"author":[{"embeddable":true,"href":"https:\/\/jornaldeitaipava.com.br\/index.php\/wp-json\/wp\/v2\/users\/1"}],"replies":[{"embeddable":true,"href":"https:\/\/jornaldeitaipava.com.br\/index.php\/wp-json\/wp\/v2\/comments?post=40204"}],"version-history":[{"count":1,"href":"https:\/\/jornaldeitaipava.com.br\/index.php\/wp-json\/wp\/v2\/posts\/40204\/revisions"}],"predecessor-version":[{"id":40205,"href":"https:\/\/jornaldeitaipava.com.br\/index.php\/wp-json\/wp\/v2\/posts\/40204\/revisions\/40205"}],"wp:featuredmedia":[{"embeddable":true,"href":"https:\/\/jornaldeitaipava.com.br\/index.php\/wp-json\/wp\/v2\/media\/30081"}],"wp:attachment":[{"href":"https:\/\/jornaldeitaipava.com.br\/index.php\/wp-json\/wp\/v2\/media?parent=40204"}],"wp:term":[{"taxonomy":"category","embeddable":true,"href":"https:\/\/jornaldeitaipava.com.br\/index.php\/wp-json\/wp\/v2\/categories?post=40204"},{"taxonomy":"post_tag","embeddable":true,"href":"https:\/\/jornaldeitaipava.com.br\/index.php\/wp-json\/wp\/v2\/tags?post=40204"}],"curies":[{"name":"wp","href":"https:\/\/api.w.org\/{rel}","templated":true}]}}