{"id":40206,"date":"2024-06-11T10:26:46","date_gmt":"2024-06-11T13:26:46","guid":{"rendered":"http:\/\/jornaldeitaipava.com.br\/?p=40206"},"modified":"2024-06-11T10:26:49","modified_gmt":"2024-06-11T13:26:49","slug":"mais-de-mil-criancas-vacinadas-no-dia-d-contra-a-poliomielite","status":"publish","type":"post","link":"https:\/\/jornaldeitaipava.com.br\/index.php\/2024\/06\/11\/mais-de-mil-criancas-vacinadas-no-dia-d-contra-a-poliomielite\/","title":{"rendered":"Mais de mil crian\u00e7as vacinadas no Dia D contra a poliomielite"},"content":{"rendered":"\n<p>Quem perdeu o Dia D da Campanha Nacional de Vacina\u00e7\u00e3o contra a Poliomielite, realizado no \u00faltimo s\u00e1bado (08), ainda tem at\u00e9 a pr\u00f3xima sexta-feira (14) para garantir a imuniza\u00e7\u00e3o das crian\u00e7as. A mobiliza\u00e7\u00e3o nacional, que visa proteger as crian\u00e7as contra a poliomielite, continua em todo o pa\u00eds, e em Petr\u00f3polis, a Prefeitura tem se empenhado para assegurar que todas as crian\u00e7as sejam vacinadas.<br>Durante o Dia D, foram aplicadas mais de mil doses do imunizante nos pontos de vacina\u00e7\u00e3o disponibilizados pelo munic\u00edpio. O prefeito Rubens Bomtempo comemorou o resultado, mas refor\u00e7ou a import\u00e2ncia de continuar a campanha. \u201cEstamos muito satisfeitos com a ades\u00e3o no Dia D, mas sabemos que ainda h\u00e1 muitas crian\u00e7as que precisam ser vacinadas. Nossa meta \u00e9 garantir que todas estejam protegidas contra essa doen\u00e7a\u201d, declarou Bomtempo.<br>Os dados ainda est\u00e3o sendo consolidados pela Divis\u00e3o de Imuniza\u00e7\u00e3o, atrav\u00e9s dos relat\u00f3rios do sistema e-SUS Aten\u00e7\u00e3o B\u00e1sica e Sistema de Informa\u00e7\u00e3o do Programa Nacional de Imuniza\u00e7\u00e3o (SIPNI), por\u00e9m, at\u00e9 a manh\u00e3 desta segunda-feira, j\u00e1 haviam sido contabilizadas a aplica\u00e7\u00e3o de 1.091 doses da vacina oral contra a poliomielite (VOP) em crian\u00e7as de 1 a menores de 5 anos e outras 94 de vacina inativada contra a poliomielite (VIP) destinadas a beb\u00eas de dois meses a menores de um ano e VOP de rotina.<br>A import\u00e2ncia da vacina\u00e7\u00e3o cont\u00ednua e a estrat\u00e9gia de levar a vacina para locais de grande circula\u00e7\u00e3o, foi enfatizada pelo secret\u00e1rio de Sa\u00fade, Ricardo Patul\u00e9a. \u201cPara facilitar o acesso \u00e0 vacina, estamos garantindo a imuniza\u00e7\u00e3o nas 15 salas de vacina\u00e7\u00e3o do munic\u00edpio. Al\u00e9m disso, de 12 a 14 de junho, haver\u00e1 uma mobiliza\u00e7\u00e3o especial no P\u00e1tio Petr\u00f3polis Shopping, onde a vacina ser\u00e1 disponibilizada\u201d, adianta.<br>Thayene Varella, chefe da Divis\u00e3o de Imuniza\u00e7\u00e3o, refor\u00e7ou o compromisso da equipe de sa\u00fade com a cobertura vacinal completa. \u201cNossa equipe est\u00e1 dedicada a alcan\u00e7ar todas as crian\u00e7as da cidade. A vacina\u00e7\u00e3o \u00e9 a \u00fanica forma de prevenir a poliomielite, e estamos empenhados em garantir que cada dose chegue ao seu destino\u201d, afirmou.<\/p>\n\n\n\n<p><br><strong>Salas de Vacina\u00e7\u00e3o:<\/strong><\/p>\n\n\n\n<p>\u2022 Centro De Sa\u00fade Coletiva<br>8h \u00e0s 16h30 &#8211; ter\u00e7a, quinta e sexta;<br>8h \u00e0s 19h30 &#8211; segunda e quarta;<\/p>\n\n\n\n<p>\u2022 UBS Alto Independ\u00eancia<br>8h30 \u00e0s 16h30 &#8211; segunda a sexta;<\/p>\n\n\n\n<p>\u2022 UBS Morin<br>8h30 \u00e0s 16h30 &#8211; segunda, quarta e sexta;<br>8h30 \u00e0s 19:30 &#8211; ter\u00e7a e quinta;<\/p>\n\n\n\n<p>\u2022 UBS Quitandinha<br>8h30 \u00e0s 19h &#8211; segunda a sexta;<\/p>\n\n\n\n<p>\u2022 Ambulat\u00f3rio Escola FMP\/FASE<br>8h \u00e0s 16h &#8211; segunda a sexta;<br>\u2022 Centro de Sa\u00fade Itamarati<br>8h30 \u00e0s 19h30 &#8211; segunda a sexta;<\/p>\n\n\n\n<p>\u2022 Ambulat\u00f3rio do Hospital Alcides Carneiro<br>8h30 \u00e0s 16h30 segunda a sexta;<\/p>\n\n\n\n<p>\u2022 PSF Posse<br>8h \u00e0s 16h &#8211; segunda a sexta;<\/p>\n\n\n\n<p>\u2022 UBS Mosela<br>8h30 \u00e0s 19h &#8211; segunda, quarta e sexta<br>8h30 \u00e0s 16h30 &#8211; ter\u00e7a e quinta<\/p>\n\n\n\n<p>\u2022 UBS Araras<br>7h30 \u00e0s 15h30 &#8211; segunda a sexta;<\/p>\n\n\n\n<p>\u2022 UBS Itaipava<br>8h30 \u00e0s 16h30 &#8211; segunda, quarta e sexta;<\/p>\n\n\n\n<p>8h30 \u00e0s 19h ter\u00e7a e quinta;<br>\u2022 UBS Pedro do Rio<br>8h \u00e0s 16h &#8211; segunda a sexta;<\/p>\n\n\n\n<p>\u2022 UBS Retiro<br>8h30 \u00e0s 19h30 &#8211; segunda a sexta;<\/p>\n\n\n\n<p>\u2022 UBS Bairro da Gl\u00f3ria<br>8h30 \u00e0s 16h30 &#8211; segunda a sexta<\/p>\n\n\n\n<p>\u2022 UBS Vicenzo Rivetti<br>8h30 \u00e0s 16h30 &#8211; segunda a sexta<\/p>\n","protected":false},"excerpt":{"rendered":"<p>Quem perdeu o Dia D da Campanha Nacional de Vacina\u00e7\u00e3o contra a Poliomielite, realizado no<\/p>\n","protected":false},"author":1,"featured_media":30795,"comment_status":"closed","ping_status":"open","sticky":false,"template":"","format":"standard","meta":{"spay_email":"","footnotes":"","jetpack_publicize_message":""},"categories":[24],"tags":[],"jetpack_featured_media_url":"https:\/\/i1.wp.com\/jornaldeitaipava.com.br\/wp-content\/uploads\/2022\/09\/POLIO.png?fit=370%2C221&ssl=1","jetpack_publicize_connections":[],"jetpack_sharing_enabled":true,"jetpack_likes_enabled":true,"jetpack-related-posts":[],"_links":{"self":[{"href":"https:\/\/jornaldeitaipava.com.br\/index.php\/wp-json\/wp\/v2\/posts\/40206"}],"collection":[{"href":"https:\/\/jornaldeitaipava.com.br\/index.php\/wp-json\/wp\/v2\/posts"}],"about":[{"href":"https:\/\/jornaldeitaipava.com.br\/index.php\/wp-json\/wp\/v2\/types\/post"}],"author":[{"embeddable":true,"href":"https:\/\/jornaldeitaipava.com.br\/index.php\/wp-json\/wp\/v2\/users\/1"}],"replies":[{"embeddable":true,"href":"https:\/\/jornaldeitaipava.com.br\/index.php\/wp-json\/wp\/v2\/comments?post=40206"}],"version-history":[{"count":1,"href":"https:\/\/jornaldeitaipava.com.br\/index.php\/wp-json\/wp\/v2\/posts\/40206\/revisions"}],"predecessor-version":[{"id":40207,"href":"https:\/\/jornaldeitaipava.com.br\/index.php\/wp-json\/wp\/v2\/posts\/40206\/revisions\/40207"}],"wp:featuredmedia":[{"embeddable":true,"href":"https:\/\/jornaldeitaipava.com.br\/index.php\/wp-json\/wp\/v2\/media\/30795"}],"wp:attachment":[{"href":"https:\/\/jornaldeitaipava.com.br\/index.php\/wp-json\/wp\/v2\/media?parent=40206"}],"wp:term":[{"taxonomy":"category","embeddable":true,"href":"https:\/\/jornaldeitaipava.com.br\/index.php\/wp-json\/wp\/v2\/categories?post=40206"},{"taxonomy":"post_tag","embeddable":true,"href":"https:\/\/jornaldeitaipava.com.br\/index.php\/wp-json\/wp\/v2\/tags?post=40206"}],"curies":[{"name":"wp","href":"https:\/\/api.w.org\/{rel}","templated":true}]}}