{"id":40211,"date":"2024-06-11T10:45:00","date_gmt":"2024-06-11T13:45:00","guid":{"rendered":"http:\/\/jornaldeitaipava.com.br\/?p=40211"},"modified":"2024-06-11T10:45:04","modified_gmt":"2024-06-11T13:45:04","slug":"apos-mais-de-20-anos-de-espera-lagoa-de-geriba-em-buzios-tera-intervencao-ambiental-e-urbanistica","status":"publish","type":"post","link":"https:\/\/jornaldeitaipava.com.br\/index.php\/2024\/06\/11\/apos-mais-de-20-anos-de-espera-lagoa-de-geriba-em-buzios-tera-intervencao-ambiental-e-urbanistica\/","title":{"rendered":"Ap\u00f3s mais de 20 anos de espera, Lagoa de Gerib\u00e1, em B\u00fazios, ter\u00e1 interven\u00e7\u00e3o ambiental e urban\u00edstica"},"content":{"rendered":"\n<p>Na semana mundial do Meio Ambiente, a Prefeitura de B\u00fazios, por meio das secretarias do Ambiente e Urbanismo e de Obras e Projetos, iniciou a t\u00e3o sonhada interven\u00e7\u00e3o ambiental e urban\u00edstica da Lagoa de Gerib\u00e1. O local, nesta primeira fase do projeto licitado, ganhar\u00e1 uma passarela de caminhada com ciclovia, p\u00eder, mirante e ilumina\u00e7\u00e3o.<br>A empresa que ganhou licita\u00e7\u00e3o, j\u00e1 est\u00e1 cercando com tapumes um local nas margens da lagoa, numa \u00e1rea p\u00fablica para ser o canteiro de obras, tamb\u00e9m est\u00e1 limpando e retirando a vegeta\u00e7\u00e3o invasora com o acompanhamento da equipe da Secretaria do Ambiente para receber os instrumentos e o maquin\u00e1rio para iniciar a obra.<br>De acordo com o secret\u00e1rio do Ambiente e Urbanismo, Evanildo Nascimento, sem que se projetasse, isso veio acontecer exatamente na semana mundial do meio ambiente: \u201cEnt\u00e3o, \u00e9 um sinal muito legal, pois \u00e9 uma a\u00e7\u00e3o em que vamos implementar uma unidade de conserva\u00e7\u00e3o, que \u00e9 o Parque Lagoa de Gerib\u00e1, com interven\u00e7\u00f5es positivas na \u00e1rea de mobilidade urbana, de urbanismo no entorno da lagoa, para que haja realmente o marco f\u00edsico de prote\u00e7\u00e3o do espelho d\u2019\u00e1gua da lagoa.<br>O projeto ambiental est\u00e1 centrado no cuidado e preserva\u00e7\u00e3o da lagoa, com medidas de tratamento e interven\u00e7\u00e3o que visam restaurar sua sa\u00fade e biodiversidade e que trar\u00e1 estrutura\u00e7\u00e3o de trilhas, biorremedia\u00e7\u00e3o da \u00e1gua e replantio em \u00e1reas degradadas, e a implementa\u00e7\u00e3o de uma unidade de conserva\u00e7\u00e3o, que \u00e9 o Parque Lagoa de Gerib\u00e1.<br>Na segunda fase do Projeto de Urbaniza\u00e7\u00e3o, o local ter\u00e1 \u00e1rea de lazer, pra\u00e7as e quiosques com acessibilidade e infraestrutura, visando proporcionar aos cidad\u00e3os e visitantes um ambiente harmonioso de conv\u00edvio.<br>O impacto desse projeto transcende o \u00e2mbito local, pois a lagoa revitalizada est\u00e1 destinada a se tornar um ponto tur\u00edstico de destaque na regi\u00e3o, servindo como um elo entre os bairros vizinhos Gerib\u00e1 e Manguinhos, ligando a Praia de Manguinhos e o bairro de Gerib\u00e1. A expectativa \u00e9 que essa interven\u00e7\u00e3o n\u00e3o apenas beneficie a comunidade local, mas tamb\u00e9m atraia visitantes de toda parte, promovendo o turismo sustent\u00e1vel e um ambiente agrad\u00e1vel transformando B\u00fazios para melhor.<\/p>\n","protected":false},"excerpt":{"rendered":"<p>Na semana mundial do Meio Ambiente, a Prefeitura de B\u00fazios, por meio das secretarias do<\/p>\n","protected":false},"author":1,"featured_media":40212,"comment_status":"closed","ping_status":"open","sticky":false,"template":"","format":"standard","meta":{"spay_email":"","footnotes":"","jetpack_publicize_message":""},"categories":[5],"tags":[],"jetpack_featured_media_url":"https:\/\/jornaldeitaipava.com.br\/wp-content\/uploads\/2024\/06\/geriba.webp","jetpack_publicize_connections":[],"jetpack_sharing_enabled":true,"jetpack_likes_enabled":true,"jetpack-related-posts":[],"_links":{"self":[{"href":"https:\/\/jornaldeitaipava.com.br\/index.php\/wp-json\/wp\/v2\/posts\/40211"}],"collection":[{"href":"https:\/\/jornaldeitaipava.com.br\/index.php\/wp-json\/wp\/v2\/posts"}],"about":[{"href":"https:\/\/jornaldeitaipava.com.br\/index.php\/wp-json\/wp\/v2\/types\/post"}],"author":[{"embeddable":true,"href":"https:\/\/jornaldeitaipava.com.br\/index.php\/wp-json\/wp\/v2\/users\/1"}],"replies":[{"embeddable":true,"href":"https:\/\/jornaldeitaipava.com.br\/index.php\/wp-json\/wp\/v2\/comments?post=40211"}],"version-history":[{"count":1,"href":"https:\/\/jornaldeitaipava.com.br\/index.php\/wp-json\/wp\/v2\/posts\/40211\/revisions"}],"predecessor-version":[{"id":40213,"href":"https:\/\/jornaldeitaipava.com.br\/index.php\/wp-json\/wp\/v2\/posts\/40211\/revisions\/40213"}],"wp:featuredmedia":[{"embeddable":true,"href":"https:\/\/jornaldeitaipava.com.br\/index.php\/wp-json\/wp\/v2\/media\/40212"}],"wp:attachment":[{"href":"https:\/\/jornaldeitaipava.com.br\/index.php\/wp-json\/wp\/v2\/media?parent=40211"}],"wp:term":[{"taxonomy":"category","embeddable":true,"href":"https:\/\/jornaldeitaipava.com.br\/index.php\/wp-json\/wp\/v2\/categories?post=40211"},{"taxonomy":"post_tag","embeddable":true,"href":"https:\/\/jornaldeitaipava.com.br\/index.php\/wp-json\/wp\/v2\/tags?post=40211"}],"curies":[{"name":"wp","href":"https:\/\/api.w.org\/{rel}","templated":true}]}}