{"id":40220,"date":"2024-06-11T11:35:30","date_gmt":"2024-06-11T14:35:30","guid":{"rendered":"http:\/\/jornaldeitaipava.com.br\/?p=40220"},"modified":"2024-06-11T14:25:28","modified_gmt":"2024-06-11T17:25:28","slug":"onibus-da-petro-ita-cai-em-ribanceira-no-quitandinha","status":"publish","type":"post","link":"https:\/\/jornaldeitaipava.com.br\/index.php\/2024\/06\/11\/onibus-da-petro-ita-cai-em-ribanceira-no-quitandinha\/","title":{"rendered":"\u00d4nibus da Petro Ita cai em ribanceira no Quitandinha"},"content":{"rendered":"\n<p>Um acidente envolvendo um coletivo da via\u00e7\u00e3o Petro Ita foi registrado na manh\u00e3 desta ter\u00e7a-feira (11), na Rua Vassouras, pr\u00f3ximo ao Parque S\u00e3o Vicente, no Quitandinha. De acordo com informa\u00e7\u00f5es, o ve\u00edculo estava vazio e n\u00e3o houve v\u00edtimas.<br>Segundo relatos, o motorista do \u00f4nibus parou em frente \u00e0 uma mina para pegar \u00e1gua e, ao retornar, se viu o ve\u00edculo j\u00e1 em dire\u00e7\u00e3o \u00e0 ribanceira.<\/p>\n\n\n\n<p>At\u00e9 o momento, o Setranspetro, sindicato que representa as empresas de \u00f4nibus de Petr\u00f3polis n\u00e3o se pronunciou sobre o assunto.<\/p>\n\n\n\n<p><strong>NOTA DA CPTRANS<\/strong><\/p>\n\n\n\n<p>Em nota, a Companhia Petropolitana de Tr\u00e2nsito e Transportes &#8211; CPTrans &#8211; se pronunciou sobre o acontecido. Confira o texto na \u00edntegra:<\/p>\n\n\n\n<p><em>A Companhia Petropolitana de Tr\u00e2nsito e Transportes (CPTrans) comunica que n\u00e3o tolerar\u00e1 mais casos de neglig\u00eancia na manuten\u00e7\u00e3o dos \u00f4nibus operados pela empresa Petro Ita. O incidente envolvendo um \u00f4nibus da linha 404 \u2013 Duques, ocorrido na manh\u00e3 desta ter\u00e7a-feira (11), na regi\u00e3o do Parque S\u00e3o Vicente, \u00e9 inaceit\u00e1vel.<\/em><\/p>\n\n\n\n<p><em>A CPTrans j\u00e1 notificou a Petro Ita, exigindo explica\u00e7\u00f5es sobre o ocorrido. Apesar de apenas o motorista do ve\u00edculo ter necessitado de atendimento m\u00e9dico, este incidente \u00e9 um alerta severo para a necessidade premente de garantir a seguran\u00e7a dos passageiros e funcion\u00e1rios.<\/em><\/p>\n\n\n\n<p><em>Reiteramos, de maneira incisiva, nosso compromisso com a qualidade e seguran\u00e7a do transporte p\u00fablico em nosso munic\u00edpio. O programa de reestrutura\u00e7\u00e3o do transporte, que resultou na caducidade do contrato com a empresa de \u00f4nibus Cascatinha no \u00faltimo m\u00eas de maio, foi apenas o come\u00e7o.<\/em><\/p>\n\n\n\n<p><em>Uma vistoria realizada na garagem da Via\u00e7\u00e3o Petro Ita revelou uma realidade chocante: 87% dos \u00f4nibus em opera\u00e7\u00e3o foram reprovados devido a m\u00faltiplas irregularidades. A Petro Ita foi notificada para corrigir essas falhas de forma imediata e, se n\u00e3o houver uma resposta, a empresa ser\u00e1 multada.<\/em><\/p>\n\n\n\n<p><em>O ve\u00edculo envolvido no incidente desta ter\u00e7a-feira est\u00e1 entre os \u00f4nibus reprovados durante a vistoria. Esta \u00e9 uma prova clara da neglig\u00eancia e falta de responsabilidade da Petro Ita. Tal comportamento n\u00e3o ser\u00e1 tolerado sob nenhuma circunst\u00e2ncia.<\/em><\/p>\n\n\n\n<p><em>A CPTrans ressalta que medidas severas ser\u00e3o tomadas para garantir a seguran\u00e7a e tranquilidade dos usu\u00e1rios do transporte p\u00fablico. N\u00e3o hesitaremos em aplicar todas as san\u00e7\u00f5es dispon\u00edveis se necess\u00e1rio.<\/em><\/p>\n\n\n\n<p><\/p>\n","protected":false},"excerpt":{"rendered":"<p>Um acidente envolvendo um coletivo da via\u00e7\u00e3o Petro Ita foi registrado na manh\u00e3 desta ter\u00e7a-feira<\/p>\n","protected":false},"author":1,"featured_media":40217,"comment_status":"closed","ping_status":"open","sticky":false,"template":"","format":"standard","meta":{"spay_email":"","footnotes":"","jetpack_publicize_message":""},"categories":[24],"tags":[],"jetpack_featured_media_url":"https:\/\/i0.wp.com\/jornaldeitaipava.com.br\/wp-content\/uploads\/2024\/06\/PETROITA.png?fit=292%2C203&ssl=1","jetpack_publicize_connections":[],"jetpack_sharing_enabled":true,"jetpack_likes_enabled":true,"jetpack-related-posts":[],"_links":{"self":[{"href":"https:\/\/jornaldeitaipava.com.br\/index.php\/wp-json\/wp\/v2\/posts\/40220"}],"collection":[{"href":"https:\/\/jornaldeitaipava.com.br\/index.php\/wp-json\/wp\/v2\/posts"}],"about":[{"href":"https:\/\/jornaldeitaipava.com.br\/index.php\/wp-json\/wp\/v2\/types\/post"}],"author":[{"embeddable":true,"href":"https:\/\/jornaldeitaipava.com.br\/index.php\/wp-json\/wp\/v2\/users\/1"}],"replies":[{"embeddable":true,"href":"https:\/\/jornaldeitaipava.com.br\/index.php\/wp-json\/wp\/v2\/comments?post=40220"}],"version-history":[{"count":4,"href":"https:\/\/jornaldeitaipava.com.br\/index.php\/wp-json\/wp\/v2\/posts\/40220\/revisions"}],"predecessor-version":[{"id":40245,"href":"https:\/\/jornaldeitaipava.com.br\/index.php\/wp-json\/wp\/v2\/posts\/40220\/revisions\/40245"}],"wp:featuredmedia":[{"embeddable":true,"href":"https:\/\/jornaldeitaipava.com.br\/index.php\/wp-json\/wp\/v2\/media\/40217"}],"wp:attachment":[{"href":"https:\/\/jornaldeitaipava.com.br\/index.php\/wp-json\/wp\/v2\/media?parent=40220"}],"wp:term":[{"taxonomy":"category","embeddable":true,"href":"https:\/\/jornaldeitaipava.com.br\/index.php\/wp-json\/wp\/v2\/categories?post=40220"},{"taxonomy":"post_tag","embeddable":true,"href":"https:\/\/jornaldeitaipava.com.br\/index.php\/wp-json\/wp\/v2\/tags?post=40220"}],"curies":[{"name":"wp","href":"https:\/\/api.w.org\/{rel}","templated":true}]}}