{"id":40223,"date":"2024-06-11T12:02:11","date_gmt":"2024-06-11T15:02:11","guid":{"rendered":"http:\/\/jornaldeitaipava.com.br\/?p=40223"},"modified":"2024-06-11T12:02:16","modified_gmt":"2024-06-11T15:02:16","slug":"prefeitura-realiza-nova-acao-de-vacinacao-em-parceria-com-patio-petropolis-shopping","status":"publish","type":"post","link":"https:\/\/jornaldeitaipava.com.br\/index.php\/2024\/06\/11\/prefeitura-realiza-nova-acao-de-vacinacao-em-parceria-com-patio-petropolis-shopping\/","title":{"rendered":"Prefeitura realiza nova a\u00e7\u00e3o de vacina\u00e7\u00e3o em parceria com P\u00e1tio Petr\u00f3polis Shopping"},"content":{"rendered":"\n<p>A Prefeitura, em parceria com o P\u00e1tio Petr\u00f3polis Shopping, vai realizar mais uma a\u00e7\u00e3o de vacina\u00e7\u00e3o nos dias 12, 13 e 14 de junho, das 15h \u00e0s 20h. A iniciativa visa ampliar a cobertura vacinal na cidade, oferecendo \u00e0 popula\u00e7\u00e3o a oportunidade de se imunizar contra diversas doen\u00e7as em um local de f\u00e1cil acesso e grande circula\u00e7\u00e3o. Ser\u00e3o disponibilizadas vacinas da campanha Nacional Contra a Poliomielite, contra influenza e todas as vacinas para atualiza\u00e7\u00e3o do calend\u00e1rio b\u00e1sico de vacina\u00e7\u00e3o das crian\u00e7as, adultos e idosos.<br>O prefeito Rubens Bomtempo destacou a import\u00e2ncia da a\u00e7\u00e3o para a sa\u00fade p\u00fablica do munic\u00edpio. &#8220;Essa parceria com o P\u00e1tio Petr\u00f3polis Shopping \u00e9 fundamental para facilitar o acesso da popula\u00e7\u00e3o \u00e0s vacinas. Estamos comprometidos em garantir que todos tenham a oportunidade de se proteger contra doen\u00e7as preven\u00edveis&#8221;, afirmou Bomtempo.<br>Segundo o secret\u00e1rio de Sa\u00fade, Ricardo Patul\u00e9a, a iniciativa, desenvolvida pela Divis\u00e3o de Imuniza\u00e7\u00e3o da Secretaria de Sa\u00fade, visa atender tanto crian\u00e7as quanto adultos, oferecendo vacinas essenciais para a prote\u00e7\u00e3o contra doen\u00e7as graves. \u201c\u00c9 importante que as pessoas aproveitem essa oportunidade para colocar a caderneta de vacina\u00e7\u00e3o em dia. A preven\u00e7\u00e3o \u00e9 a melhor maneira de evitar complica\u00e7\u00f5es futuras&#8221;, disse Patul\u00e9a.<br>A campanha acontecer\u00e1 no P\u00e1tio Petr\u00f3polis Shopping, um ponto estrat\u00e9gico que facilita o acesso de diversas regi\u00f5es da cidade. &#8220;Contamos com a participa\u00e7\u00e3o de todos para que possamos aumentar nossa cobertura vacinal e, assim, garantir um futuro mais seguro e saud\u00e1vel para nossa cidade&#8221;, concluiu o prefeito.<\/p>\n","protected":false},"excerpt":{"rendered":"<p>A Prefeitura, em parceria com o P\u00e1tio Petr\u00f3polis Shopping, vai realizar mais uma a\u00e7\u00e3o de<\/p>\n","protected":false},"author":1,"featured_media":30508,"comment_status":"closed","ping_status":"open","sticky":false,"template":"","format":"standard","meta":{"spay_email":"","footnotes":"","jetpack_publicize_message":""},"categories":[2],"tags":[],"jetpack_featured_media_url":"https:\/\/i0.wp.com\/jornaldeitaipava.com.br\/wp-content\/uploads\/2022\/08\/PATIO-PETROPOLIS.png?fit=757%2C456&ssl=1","jetpack_publicize_connections":[],"jetpack_sharing_enabled":true,"jetpack_likes_enabled":true,"jetpack-related-posts":[],"_links":{"self":[{"href":"https:\/\/jornaldeitaipava.com.br\/index.php\/wp-json\/wp\/v2\/posts\/40223"}],"collection":[{"href":"https:\/\/jornaldeitaipava.com.br\/index.php\/wp-json\/wp\/v2\/posts"}],"about":[{"href":"https:\/\/jornaldeitaipava.com.br\/index.php\/wp-json\/wp\/v2\/types\/post"}],"author":[{"embeddable":true,"href":"https:\/\/jornaldeitaipava.com.br\/index.php\/wp-json\/wp\/v2\/users\/1"}],"replies":[{"embeddable":true,"href":"https:\/\/jornaldeitaipava.com.br\/index.php\/wp-json\/wp\/v2\/comments?post=40223"}],"version-history":[{"count":1,"href":"https:\/\/jornaldeitaipava.com.br\/index.php\/wp-json\/wp\/v2\/posts\/40223\/revisions"}],"predecessor-version":[{"id":40224,"href":"https:\/\/jornaldeitaipava.com.br\/index.php\/wp-json\/wp\/v2\/posts\/40223\/revisions\/40224"}],"wp:featuredmedia":[{"embeddable":true,"href":"https:\/\/jornaldeitaipava.com.br\/index.php\/wp-json\/wp\/v2\/media\/30508"}],"wp:attachment":[{"href":"https:\/\/jornaldeitaipava.com.br\/index.php\/wp-json\/wp\/v2\/media?parent=40223"}],"wp:term":[{"taxonomy":"category","embeddable":true,"href":"https:\/\/jornaldeitaipava.com.br\/index.php\/wp-json\/wp\/v2\/categories?post=40223"},{"taxonomy":"post_tag","embeddable":true,"href":"https:\/\/jornaldeitaipava.com.br\/index.php\/wp-json\/wp\/v2\/tags?post=40223"}],"curies":[{"name":"wp","href":"https:\/\/api.w.org\/{rel}","templated":true}]}}