{"id":40226,"date":"2024-06-11T13:27:00","date_gmt":"2024-06-11T16:27:00","guid":{"rendered":"http:\/\/jornaldeitaipava.com.br\/?p=40226"},"modified":"2024-06-11T13:27:08","modified_gmt":"2024-06-11T16:27:08","slug":"docudrama-de-curta-metragem-o-que-fiz-de-mim-ja-esta-sendo-gravado-em-petropolis","status":"publish","type":"post","link":"https:\/\/jornaldeitaipava.com.br\/index.php\/2024\/06\/11\/docudrama-de-curta-metragem-o-que-fiz-de-mim-ja-esta-sendo-gravado-em-petropolis\/","title":{"rendered":"Docudrama de curta-metragem \u201cO Que Fiz de Mim\u201d j\u00e1 est\u00e1 sendo gravado em Petr\u00f3polis"},"content":{"rendered":"\n<p class=\"has-text-align-center\"><strong>Conflitos internos da personagem prometem gerar importante reflex\u00e3o no p\u00fablico<\/strong><\/p>\n\n\n\n<p>As grava\u00e7\u00f5es do docudrama \u201cO Que Fiz de Mim\u201d, j\u00e1 tiveram in\u00edcio na cidade de Petr\u00f3polis. Desde o m\u00eas de maio, espa\u00e7os do Hiper Shopping Petr\u00f3polis, do Est\u00fadio F\u00e1tima Cruz, al\u00e9m do Centro de Cultura Raul de Leoni t\u00eam sido palco de mais este processo art\u00edstico. Com uma equipe composta por 13 profissionais, o curta-metragem promete emocionar e despertar reflex\u00f5es importantes no p\u00fablico. O projeto foi contemplado no Edital de Produ\u00e7\u00f5es Audiovisuais (Chamada P\u00fablica 02\/2023), realizado pela Prefeitura de Petr\u00f3polis, por meio do Instituto Municipal de Cultura, com recursos do Governo Federal atrav\u00e9s da Lei Complementar n\u00ba 195\/2022 &#8211; Lei Paulo Gustavo.<\/p>\n\n\n\n<p>A partir de um tema sens\u00edvel, o suic\u00eddio, o curta-metragem petropolitano \u201cO Que Fiz de Mim\u201d, conta a hist\u00f3ria da artista Tex. Inseguran\u00e7as, d\u00favidas e incertezas profissionais permeiam os pensamentos da jovem pintora, que se isola em casa e lida com pensamentos suicidas enquanto tamb\u00e9m busca inspira\u00e7\u00e3o para realizar sua primeira exposi\u00e7\u00e3o. O filme revela como a arte pode ser uma resposta \u00e0 condi\u00e7\u00e3o humana e a busca pelo significado e desafio da vida.<\/p>\n\n\n\n<p>O filme h\u00edbrido de curta-metragem, com dura\u00e7\u00e3o prevista de at\u00e9 25 minutos, mescla elementos de document\u00e1rio e fic\u00e7\u00e3o para criar uma experi\u00eancia profunda e transformadora em todos que t\u00eam contato com a obra. Vale destacar, que o filme abrange diversas linguagens art\u00edsticas, como: m\u00fasica, dan\u00e7a, teatro e pintura. Al\u00e9m disso, o elenco \u00e9 composto predominantemente por mulheres, pessoas LGBTs e que integram as chamadas minorias dentro da sociedade.<\/p>\n\n\n\n<p>\u201cO projeto aborda quest\u00f5es de sa\u00fade mental e o poder da arte como uma das maneiras de enfrentar essas e outras quest\u00f5es. O filme tamb\u00e9m convida o p\u00fablico a refletir sobre a confronta\u00e7\u00e3o do absurdo da exist\u00eancia por meio da cria\u00e7\u00e3o art\u00edstica. &#8216;O Que Fiz de Mim&#8217; \u00e9 uma jornada que celebra a arte, resili\u00eancia e a busca pelo significado da vida\u201d, explica o diretor de produ\u00e7\u00e3o geral e executiva Vinil Gabriel.<\/p>\n\n\n\n<p>O projeto \u00e9 profundamente relevante para a sociedade, mas tamb\u00e9m para os artistas que enfrentam cobran\u00e7as sociais, press\u00f5es para o sucesso e quest\u00f5es de sa\u00fade mental. N\u00e3o \u00e0 toa, a personagem Tex personifica muito bem essas lutas. \u201cVemos a personagem lidando com pensamentos suicidas devido \u00e0s press\u00f5es e frustra\u00e7\u00f5es em sua jornada como artista. N\u00f3s entendemos que o suic\u00eddio \u00e9 a busca desesperada pelo controle final sobre a pr\u00f3pria exist\u00eancia. \u00c9 uma recusa em aceitar o absurdo da vida. No entanto, a verdadeira revolta contra o absurdo n\u00e3o est\u00e1 em tirar a pr\u00f3pria vida, mas sim, em continuar a viver com toda a intensidade\u201d, ressalta a diretora e atriz do docudrama, Ester Gastaldo.<\/p>\n\n\n\n<p>O filme pretende ter classifica\u00e7\u00e3o a partir de 14 anos, privilegiando os jovens, adultos e idosos, assim como os apaixonados por artes em geral.<\/p>\n\n\n\n<p><strong>Valoriza\u00e7\u00e3o da classe art\u00edstica local<\/strong><\/p>\n\n\n\n<p>\u201c\u00c9 crucial destacar a import\u00e2ncia de Petr\u00f3polis como um centro de express\u00e3o art\u00edstica. Dados hist\u00f3ricos demonstram que a cidade tem uma longa tradi\u00e7\u00e3o em inspirar artistas, desde os dias do Imp\u00e9rio at\u00e9 os tempos contempor\u00e2neos. Por isso, nosso projeto \u00e9 permeado em fortes conceitos de inclus\u00e3o, e valoriza\u00e7\u00e3o de cada profissional que comp\u00f5e a equipe de trabalho. Precisamos dar cada vez mais espa\u00e7o \u00e0 nova gera\u00e7\u00e3o art\u00edstica petropolitana!\u201d, opinou o diretor.<\/p>\n\n\n\n<p><strong>Tecnologia: curta-metragem ser\u00e1 gravado com smartphones<\/strong><\/p>\n\n\n\n<p>O Curta-metragem est\u00e1 sendo gravado por smartphones e aparatos tecnol\u00f3gicos que favorecem uma abordagem fluida, e permitem que as cenas sejam capturadas de forma mais \u00edntima e aut\u00eantica. A Cinegrafia Mobile \u00e9 uma nova modalidade de filmagem, fotografia e edi\u00e7\u00e3o com o Smartphone trazendo algumas vantagens para a \u00e1rea criativa da produ\u00e7\u00e3o audiovisual.<\/p>\n\n\n\n<p>\u201cNaturalmente, ainda existe uma certa resist\u00eancia ao dizer que um filme est\u00e1 sendo rodado com um celular, mas isso tamb\u00e9m aconteceu quando as c\u00e2meras fotogr\u00e1ficas come\u00e7aram a filmar e viraram um atrativo para novos produtores criarem seus filmes. Agora os smartphones aparecem com o mesmo objetivo\u201d, afirmou o diretor de fotografia e montador do filme.<\/p>\n\n\n\n<p><strong>Acessibilidade e inclus\u00e3o<\/strong><\/p>\n\n\n\n<p>O filme &#8216;O Que Fiz de Mim&#8217; tamb\u00e9m tem como um dos principais compromissos aproximar a arte, de quem muitas vezes \u00e9 marginalizado ou esquecido. \u201cQueremos que todos tenham acesso a arte! Ent\u00e3o pensamos em v\u00e1rios aspectos para promover acessibilidade e inclus\u00e3o. Apresentaremos a performance ao p\u00fablico no Centro de Cultura Raul de Leoni gratuitamente. Tamb\u00e9m ministraremos uma palestra sobre acessibilidade e inclus\u00e3o social, assim como fecharemos parcerias para a exibi\u00e7\u00e3o do filme em pelo menos tr\u00eas escolas da rede p\u00fablica de ensino de Petr\u00f3polis\u201d, ressaltou.<\/p>\n\n\n\n<p>O projeto conta ainda com inclus\u00e3o da L\u00edngua Brasileira de Sinais em todo o material de divulga\u00e7\u00e3o e no pr\u00f3prio filme; possibilitar\u00e1 que todas as salas do Centro de Cultura Raul de Leoni tenham placas t\u00e1teis com o sistema Braille, al\u00e9m de legendas e linguagem simples nas pe\u00e7as de divulga\u00e7\u00e3o.<\/p>\n\n\n\n<p><strong>Servi\u00e7o:<\/strong><\/p>\n\n\n\n<p>Curta-metragem: \u201cO Que Fiz de Mim\u201d.<\/p>\n\n\n\n<p>Local: Centro de Cultura Raul de Leoni, Centro de Petr\u00f3polis.<\/p>\n\n\n\n<p>Classifica\u00e7\u00e3o: 14 anos.<\/p>\n\n\n\n<p>Apoiadores: Centro de Cultura Raul de Leoni; Est\u00fadio F\u00e1tima Cruz e Hiper Shopping Petr\u00f3polis.<\/p>\n","protected":false},"excerpt":{"rendered":"<p>Conflitos internos da personagem prometem gerar importante reflex\u00e3o no p\u00fablico As grava\u00e7\u00f5es do docudrama \u201cO<\/p>\n","protected":false},"author":1,"featured_media":40227,"comment_status":"closed","ping_status":"open","sticky":false,"template":"","format":"standard","meta":{"spay_email":"","footnotes":"","jetpack_publicize_message":""},"categories":[1],"tags":[],"jetpack_featured_media_url":"https:\/\/i0.wp.com\/jornaldeitaipava.com.br\/wp-content\/uploads\/2024\/06\/WhatsApp-Image-2024-06-11-at-13.24.40.jpeg?fit=1600%2C1066&ssl=1","jetpack_publicize_connections":[],"jetpack_sharing_enabled":true,"jetpack_likes_enabled":true,"jetpack-related-posts":[],"_links":{"self":[{"href":"https:\/\/jornaldeitaipava.com.br\/index.php\/wp-json\/wp\/v2\/posts\/40226"}],"collection":[{"href":"https:\/\/jornaldeitaipava.com.br\/index.php\/wp-json\/wp\/v2\/posts"}],"about":[{"href":"https:\/\/jornaldeitaipava.com.br\/index.php\/wp-json\/wp\/v2\/types\/post"}],"author":[{"embeddable":true,"href":"https:\/\/jornaldeitaipava.com.br\/index.php\/wp-json\/wp\/v2\/users\/1"}],"replies":[{"embeddable":true,"href":"https:\/\/jornaldeitaipava.com.br\/index.php\/wp-json\/wp\/v2\/comments?post=40226"}],"version-history":[{"count":1,"href":"https:\/\/jornaldeitaipava.com.br\/index.php\/wp-json\/wp\/v2\/posts\/40226\/revisions"}],"predecessor-version":[{"id":40228,"href":"https:\/\/jornaldeitaipava.com.br\/index.php\/wp-json\/wp\/v2\/posts\/40226\/revisions\/40228"}],"wp:featuredmedia":[{"embeddable":true,"href":"https:\/\/jornaldeitaipava.com.br\/index.php\/wp-json\/wp\/v2\/media\/40227"}],"wp:attachment":[{"href":"https:\/\/jornaldeitaipava.com.br\/index.php\/wp-json\/wp\/v2\/media?parent=40226"}],"wp:term":[{"taxonomy":"category","embeddable":true,"href":"https:\/\/jornaldeitaipava.com.br\/index.php\/wp-json\/wp\/v2\/categories?post=40226"},{"taxonomy":"post_tag","embeddable":true,"href":"https:\/\/jornaldeitaipava.com.br\/index.php\/wp-json\/wp\/v2\/tags?post=40226"}],"curies":[{"name":"wp","href":"https:\/\/api.w.org\/{rel}","templated":true}]}}