{"id":40232,"date":"2024-06-11T13:55:20","date_gmt":"2024-06-11T16:55:20","guid":{"rendered":"http:\/\/jornaldeitaipava.com.br\/?p=40232"},"modified":"2024-06-11T14:20:59","modified_gmt":"2024-06-11T17:20:59","slug":"empresarios-do-centro-pedem-horario-estendido-no-comercio-durante-a-bauernfest","status":"publish","type":"post","link":"https:\/\/jornaldeitaipava.com.br\/index.php\/2024\/06\/11\/empresarios-do-centro-pedem-horario-estendido-no-comercio-durante-a-bauernfest\/","title":{"rendered":"Empres\u00e1rios do Centro pedem hor\u00e1rio estendido no com\u00e9rcio durante a Bauernfest"},"content":{"rendered":"\n<p>Empres\u00e1rios da Rua 7 de abril, no Centro, coletaram assinaturas de clientes e demais comerciantes da regi\u00e3o para que, durante o per\u00edodo da Bauernfest, o hor\u00e1rio de funcionamento seja estendido at\u00e9 \u00e0s 2h, com meia hora de toler\u00e2ncia para o fechamento. A medida servir\u00e1 tamb\u00e9m para ruas adjacentes que comportam bares e restaurantes, como a 13 de Maio e a N\u00e9lson de S\u00e1 Earp. O documento foi protocolado junto \u00e0 prefeitura no dia 10 de junho e a inten\u00e7\u00e3o \u00e9 suspender, <strong>momentaneamente<\/strong>, uma a\u00e7\u00e3o impetrada por moradores desses locais e que ganhou o apelido de \u201ctoque de recolher\u201d.<\/p>\n\n\n\n<p>De acordo com eles, a festa \u00e9 uma oportunidade para que moradores e turistas possam aproveitar mais a festa, al\u00e9m de fortalecer os pubs, bares e restaurantes, que investem em estrutura como decora\u00e7\u00e3o tem\u00e1tica do evento, adquirem insumos e contratam funcion\u00e1rios extras.<\/p>\n\n\n\n<p>Frequentadora da rua 7 de Abril, a corretora de im\u00f3veis Priscila Campos, mencionou que no em 2023 a festa teve hor\u00e1rio reduzido e que presenciou cenas lament\u00e1veis envolvendo quem ficou na rua ap\u00f3s isso, como agress\u00f5es f\u00edsicas e jatos de spray de pimenta.<\/p>\n\n\n\n<p>&#8220;<em>Petr\u00f3polis \u00e9 uma cidade que vive do turismo e certamente receberemos milhares deles, al\u00e9m dos petropolitanos que ir\u00e3o curtir esse grande evento que \u00e9 a Bauernfest. N\u00e3o \u00e9 aceit\u00e1vel que comerciantes locais e barraqueiros ao redor do evento, que muitas vezes empatam suas economias na tentativa de obter algum lucro, sejam prejudicados<\/em>&#8220;, disse.<\/p>\n","protected":false},"excerpt":{"rendered":"<p>Empres\u00e1rios da Rua 7 de abril, no Centro, coletaram assinaturas de clientes e demais comerciantes<\/p>\n","protected":false},"author":1,"featured_media":40233,"comment_status":"closed","ping_status":"open","sticky":false,"template":"","format":"standard","meta":{"spay_email":"","footnotes":"","jetpack_publicize_message":""},"categories":[24],"tags":[],"jetpack_featured_media_url":"https:\/\/i0.wp.com\/jornaldeitaipava.com.br\/wp-content\/uploads\/2024\/06\/7.jpg?fit=518%2C332&ssl=1","jetpack_publicize_connections":[],"jetpack_sharing_enabled":true,"jetpack_likes_enabled":true,"jetpack-related-posts":[],"_links":{"self":[{"href":"https:\/\/jornaldeitaipava.com.br\/index.php\/wp-json\/wp\/v2\/posts\/40232"}],"collection":[{"href":"https:\/\/jornaldeitaipava.com.br\/index.php\/wp-json\/wp\/v2\/posts"}],"about":[{"href":"https:\/\/jornaldeitaipava.com.br\/index.php\/wp-json\/wp\/v2\/types\/post"}],"author":[{"embeddable":true,"href":"https:\/\/jornaldeitaipava.com.br\/index.php\/wp-json\/wp\/v2\/users\/1"}],"replies":[{"embeddable":true,"href":"https:\/\/jornaldeitaipava.com.br\/index.php\/wp-json\/wp\/v2\/comments?post=40232"}],"version-history":[{"count":5,"href":"https:\/\/jornaldeitaipava.com.br\/index.php\/wp-json\/wp\/v2\/posts\/40232\/revisions"}],"predecessor-version":[{"id":40241,"href":"https:\/\/jornaldeitaipava.com.br\/index.php\/wp-json\/wp\/v2\/posts\/40232\/revisions\/40241"}],"wp:featuredmedia":[{"embeddable":true,"href":"https:\/\/jornaldeitaipava.com.br\/index.php\/wp-json\/wp\/v2\/media\/40233"}],"wp:attachment":[{"href":"https:\/\/jornaldeitaipava.com.br\/index.php\/wp-json\/wp\/v2\/media?parent=40232"}],"wp:term":[{"taxonomy":"category","embeddable":true,"href":"https:\/\/jornaldeitaipava.com.br\/index.php\/wp-json\/wp\/v2\/categories?post=40232"},{"taxonomy":"post_tag","embeddable":true,"href":"https:\/\/jornaldeitaipava.com.br\/index.php\/wp-json\/wp\/v2\/tags?post=40232"}],"curies":[{"name":"wp","href":"https:\/\/api.w.org\/{rel}","templated":true}]}}