{"id":40247,"date":"2024-06-12T11:10:32","date_gmt":"2024-06-12T14:10:32","guid":{"rendered":"http:\/\/jornaldeitaipava.com.br\/?p=40247"},"modified":"2024-06-12T11:10:35","modified_gmt":"2024-06-12T14:10:35","slug":"evento-eco-fashion-junina-traz-conceito-da-moda-sustentavel-em-petropolis","status":"publish","type":"post","link":"https:\/\/jornaldeitaipava.com.br\/index.php\/2024\/06\/12\/evento-eco-fashion-junina-traz-conceito-da-moda-sustentavel-em-petropolis\/","title":{"rendered":"Evento \u2018Eco Fashion Junina\u2019 traz conceito da moda sustent\u00e1vel em Petr\u00f3polis"},"content":{"rendered":"\n<p>Iniciativa une inclus\u00e3o, arte, Design, moda e diversidade<br>No dia 16 de junho, \u00e0s 16h, acontecer\u00e1 o evento \u2018Eco Fashion Junina\u2019, idealizado pelo estilista Guilherme Tavares, no Chal\u00e9 da Serra, em Petr\u00f3polis. Este evento ecologicamente correto ser\u00e1 fechado para convidados, oferecendo um ambiente all inclusive com um cen\u00e1rio criativo e inusitado, localizado em uma reserva florestal na Mata Atl\u00e2ntica, na regi\u00e3o serrana do Rio de Janeiro.<br>\u00c9 evidente que o mundo da moda est\u00e1 cada vez mais comprometido com a conserva\u00e7\u00e3o ambiental. Dessa forma, a moda sustent\u00e1vel ganha for\u00e7a, promovendo o engajamento dos consumidores em pr\u00e1ticas de consumo consciente.<\/p>\n\n\n\n<p><strong>Moda Ecol\u00f3gica<br><\/strong>A moda sustent\u00e1vel est\u00e1 ganhando destaque por sua abordagem ecol\u00f3gica e inovadora. Um exemplo \u00e9 o evento &#8216;Eco Fashion Junina&#8217;, onde os modelos vestir\u00e3o roupas comest\u00edveis feitas de hortali\u00e7as, gr\u00e3os, legumes e frutas. Al\u00e9m disso, a exposi\u00e7\u00e3o contar\u00e1 com celebridades vestidas em materiais recicl\u00e1veis, destacando a import\u00e2ncia da reutiliza\u00e7\u00e3o de recursos.<br>No desfile utilizaremos materiais como produtos org\u00e2nicos, recicl\u00e1veis, res\u00edduos t\u00eaxteis e materiais biodegrad\u00e1veis que n\u00e3o s\u00f3 reduz o impacto ambiental, mas tamb\u00e9m promove um consumo consciente. \u201cIniciativas como essa demonstram que \u00e9 poss\u00edvel aliar moda, arte e sustentabilidade, engajando o p\u00fablico em pr\u00e1ticas que beneficiam o planeta\u2019, ressalta Guilherme Tavares, idealizador do evento.<br>Para recepcionar os convidados, um grupo de modelos estar\u00e1 vestido com roupas confeccionadas a partir de hortali\u00e7as, gr\u00e3os, legumes e frutas. A decora\u00e7\u00e3o do evento incluir\u00e1 m\u00f3veis, lustres, flores, bal\u00f5es, bandeirinhas e lounges produzidos com res\u00edduos t\u00eaxteis, materiais recicl\u00e1veis e biodegrad\u00e1veis.<br>Haver\u00e1 tamb\u00e9m ilhas com pratos t\u00edpicos, cascatas de frutas e esculturas gastron\u00f4micas, incluindo uma homenagem ao rei do bai\u00e3o, Luiz Gonzaga, que dar\u00e3o um toque especial aos jardins do chal\u00e9, prometendo surpreender tanto pelo sabor quanto pelo design. O chal\u00e9 oferece su\u00edtes com varandas e banheiras, lareiras, salas de jogos, estar e jantar.<br>A guest list inclui personalidades, celebridades e nomes importantes da moda. Uma das salas ser\u00e1 ocupada pela mostra &#8220;SEMEAR&#8221;, composta por 40 pain\u00e9is fotogr\u00e1ficos e manequins vivos, apresentando diversos artistas vestidos com roupas recicl\u00e1veis e biodegrad\u00e1veis, entre eles Preta Gil, Daniele Winits, Camila Morgado, N\u00edvia Maria e Eliana.<br>Na programa\u00e7\u00e3o musical, os DJs ARVEN (Punta Del Este), DJ Portugu\u00eas e RP3 Regional Pop comandar\u00e3o o som, com sets de deep house, pop, xote, bai\u00e3o e xaxado.<\/p>\n\n\n\n<p>Servi\u00e7o: <\/p>\n\n\n\n<p><strong>Eco Fashion Junina<br><\/strong>Data: 16 de junho (Domingo)<br>Hora: 16h<br>Entrada: Convite R$50 (All inclusive)<br>Informa\u00e7\u00f5es: (21) 980844319<br>O Chal\u00e9 da Serra fica BR040 KM93 \u2013 Parque da Serra &#8211; Petr\u00f3polis<\/p>\n","protected":false},"excerpt":{"rendered":"<p>Iniciativa une inclus\u00e3o, arte, Design, moda e diversidadeNo dia 16 de junho, \u00e0s 16h, acontecer\u00e1<\/p>\n","protected":false},"author":1,"featured_media":40248,"comment_status":"closed","ping_status":"open","sticky":false,"template":"","format":"standard","meta":{"spay_email":"","footnotes":"","jetpack_publicize_message":""},"categories":[1],"tags":[],"jetpack_featured_media_url":"https:\/\/i0.wp.com\/jornaldeitaipava.com.br\/wp-content\/uploads\/2024\/06\/WhatsApp-Image-2024-06-11-at-12.32.18-1.jpeg?fit=472%2C712&ssl=1","jetpack_publicize_connections":[],"jetpack_sharing_enabled":true,"jetpack_likes_enabled":true,"jetpack-related-posts":[],"_links":{"self":[{"href":"https:\/\/jornaldeitaipava.com.br\/index.php\/wp-json\/wp\/v2\/posts\/40247"}],"collection":[{"href":"https:\/\/jornaldeitaipava.com.br\/index.php\/wp-json\/wp\/v2\/posts"}],"about":[{"href":"https:\/\/jornaldeitaipava.com.br\/index.php\/wp-json\/wp\/v2\/types\/post"}],"author":[{"embeddable":true,"href":"https:\/\/jornaldeitaipava.com.br\/index.php\/wp-json\/wp\/v2\/users\/1"}],"replies":[{"embeddable":true,"href":"https:\/\/jornaldeitaipava.com.br\/index.php\/wp-json\/wp\/v2\/comments?post=40247"}],"version-history":[{"count":1,"href":"https:\/\/jornaldeitaipava.com.br\/index.php\/wp-json\/wp\/v2\/posts\/40247\/revisions"}],"predecessor-version":[{"id":40249,"href":"https:\/\/jornaldeitaipava.com.br\/index.php\/wp-json\/wp\/v2\/posts\/40247\/revisions\/40249"}],"wp:featuredmedia":[{"embeddable":true,"href":"https:\/\/jornaldeitaipava.com.br\/index.php\/wp-json\/wp\/v2\/media\/40248"}],"wp:attachment":[{"href":"https:\/\/jornaldeitaipava.com.br\/index.php\/wp-json\/wp\/v2\/media?parent=40247"}],"wp:term":[{"taxonomy":"category","embeddable":true,"href":"https:\/\/jornaldeitaipava.com.br\/index.php\/wp-json\/wp\/v2\/categories?post=40247"},{"taxonomy":"post_tag","embeddable":true,"href":"https:\/\/jornaldeitaipava.com.br\/index.php\/wp-json\/wp\/v2\/tags?post=40247"}],"curies":[{"name":"wp","href":"https:\/\/api.w.org\/{rel}","templated":true}]}}