{"id":40250,"date":"2024-06-12T11:12:24","date_gmt":"2024-06-12T14:12:24","guid":{"rendered":"http:\/\/jornaldeitaipava.com.br\/?p=40250"},"modified":"2024-06-12T11:12:26","modified_gmt":"2024-06-12T14:12:26","slug":"circuito-sesc-jazz-blues-chega-pela-primeira-vez-em-miguel-pereira","status":"publish","type":"post","link":"https:\/\/jornaldeitaipava.com.br\/index.php\/2024\/06\/12\/circuito-sesc-jazz-blues-chega-pela-primeira-vez-em-miguel-pereira\/","title":{"rendered":"Circuito Sesc Jazz &#038; Blues chega pela primeira vez em Miguel Pereira"},"content":{"rendered":"\n<p>Evento na cidade hist\u00f3rica acontece entre os dias 14 e 16 de junho. Artistas como J.J. Thames, Afrojazz, Samantha Smith, Nico Rezende e James Boogaloo Bolden s\u00e3o algumas das atra\u00e7\u00f5es, que se apresentar\u00e3o em dois palcos: Rua Coberta e Cal\u00e7ad\u00e3o do Grawatta<br>Pela primeira vez, a charmosa cidade de Miguel Pereira ser\u00e1 palco do Circuito Sesc Jazz &amp; Blues, maior evento dedicado ao g\u00eanero no calend\u00e1rio musical brasileiro, que se originou a partir do festival que acontece tradicionalmente em Rio das Ostras h\u00e1 20 anos. Entre os dias 14 e 16 de junho, moradores e visitantes poder\u00e3o desfrutar de apresenta\u00e7\u00f5es imperd\u00edveis de renomados artistas nacionais e internacionais, celebrando o melhor do jazz e do blues.<br>A 3\u00aa edi\u00e7\u00e3o do Circuito Sesc Jazz &amp; Blues traz para Miguel Pereira um line-up de tirar o f\u00f4lego, incluindo nomes de peso como Nico Rezende, Afro Jazz, Samantha Smith &amp; The Simi Brothers (USA) e J.J. Thames &amp; Igor Prado Blues Band (USA). Estes artistas prometem encantar o p\u00fablico com performances emocionantes e cheias de energia, reafirmando a relev\u00e2ncia e a vitalidade desses g\u00eaneros musicais.<br>Nico Rezende, reconhecido por sua versatilidade e talento no cen\u00e1rio musical brasileiro, trar\u00e1 ao palco seu inconfund\u00edvel estilo, mesclando jazz e bossa nova em interpreta\u00e7\u00f5es que cativam pela sofistica\u00e7\u00e3o e sensibilidade. Em Miguel Pereira, o m\u00fasico apresentar\u00e1 seu consagrado show Nico Rezende Tributo a Chet Baker.<br>Afro Jazz, que nasceu como parte do trabalho acad\u00eamico do m\u00fasico Eduardo Santana sobre o jazz e sua origem de ra\u00edzes africanas, proporcionar\u00e1 uma experi\u00eancia sonora \u00fanica, repleta de improvisa\u00e7\u00f5es e groove contagiante. O guitarrista e cantor Murilo Brugger traz um show contagiante com uma mistura de Blues tradicional e um toque de rock anos 80 e 90. J\u00e1 o grupo brasileiro Segundo Set Instrumental trar\u00e1 sua mistura vibrante de jazz contempor\u00e2neo com influ\u00eancias de m\u00fasica brasileira, apresentando um repert\u00f3rio repleto de criatividade e virtuosismo.<br>Artistas internacionais mostram a for\u00e7a do blues americano, dentre eles, James Boogaloo Bolden que durante 40 anos tocou com BB King<br>Diretamente da Inglaterra, Samantha Smith, acompanhada dos brasileiros The Simi Brothers e J.J. Thames, contando com o aux\u00edlio luxuoso de Igor Prado Blues Band prometem incendiar o palco com suas performances intensas e aut\u00eanticas. Samantha Smith, com sua voz potente e presen\u00e7a carism\u00e1tica, junto aos talentosos The Simi Brothers, trar\u00e1 o verdadeiro esp\u00edrito do blues americano. J\u00e1 J.J. Thames, acompanhada pela expertise instrumental de Igor Prado, mergulhar\u00e1 o p\u00fablico nas ra\u00edzes do blues, com uma apresenta\u00e7\u00e3o repleta de emo\u00e7\u00e3o e t\u00e9cnica apurada.<br>A programa\u00e7\u00e3o destaca a presen\u00e7a do lend\u00e1rio trompetista americano James Boogaloo Bolden, m\u00fasico que j\u00e1 tocou com Stevie Wonder, Isaac Hayes, Temptations, Supremes, James Brown e durante 40 anos foi bandleader do lend\u00e1rio B.B. King. James Boogaloo promete contagiar o p\u00fablico com seu estilo carism\u00e1tico, num show repleto de m\u00fasicas autorais, cl\u00e1ssicos e refer\u00eancias ao repert\u00f3rio do \u201cRei do Blues\u201d.<br>&#8220;A realiza\u00e7\u00e3o do Circuito Sesc Jazz &amp; Blues em Miguel Pereira \u00e9 um marco importante para o projeto, pela import\u00e2ncia cultural da cidade. Estamos empolgados e por isso preparamos uma programa\u00e7\u00e3o especial, para os moradores e turistas terem a oportunidade de vivenciar apresenta\u00e7\u00f5es de alto n\u00edvel e de participar de atividades que enriquecem a experi\u00eancia musical&#8221;, afirma Stenio Mattos, idealizador do Circuito Sesc Jazz e Blues e produtor art\u00edstico do evento.<br>A primeira edi\u00e7\u00e3o do Circuito Sesc Jazz &amp; Blues em Miguel Pereira promete ser um evento inesquec\u00edvel, celebrando a m\u00fasica e a cultura em uma das cidades mais encantadoras do estado do Rio de Janeiro. Para mais informa\u00e7\u00f5es e conferir a programa\u00e7\u00e3o completa, acesse o site oficial do evento www.sescjazzblues.com.br<\/p>\n\n\n\n<p><strong>SERVI\u00c7O<br><\/strong>3\u00ba Circuito Sesc Jazz &amp; Blues 2024<br>Etapa Miguel Pereira \u2013 De 14 a 16 de junho (de sexta a domingo)<br>Palcos: Rua Coberta e Cal\u00e7ad\u00e3o do Grawatta<br>Entrada Franca | Classifica\u00e7\u00e3o Livre<\/p>\n\n\n\n<p><strong><u>PROGRAMA\u00c7\u00c3O<\/u><\/strong><\/p>\n\n\n\n<p><strong>14 DE JUNHO<\/strong><\/p>\n\n\n\n<p><strong>Palco Cal\u00e7ad\u00e3o do Grawatta<\/strong>. A partir das 20h<\/p>\n\n\n\n<p>Carbono Blues&nbsp;<\/p>\n\n\n\n<p>Segundo Set Instrumental&nbsp;<\/p>\n\n\n\n<p>AfroJazz\u00a0<\/p>\n\n\n\n<p><\/p>\n\n\n\n<p><strong>15 DE JUNHO<\/strong><\/p>\n\n\n\n<p><strong>Palco Rua Coberta<\/strong>. A partir das 14h<\/p>\n\n\n\n<p>Oswaldo Jazz Trio&nbsp;<\/p>\n\n\n\n<p>Brugger&nbsp;<\/p>\n\n\n\n<p><strong>Palco Cal\u00e7ad\u00e3o do Grawatta<\/strong>. A partir das 20h<\/p>\n\n\n\n<p>Nico Rezende Tributo a Chet Baker &nbsp;<\/p>\n\n\n\n<p>Samantha Smith &amp; The Simi Brothers (USA)<\/p>\n\n\n\n<p>J.J. Thames &amp; Igor Prado Blues Band (USA) \u00a0<\/p>\n\n\n\n<p><\/p>\n\n\n\n<p><strong>16 DE JUNHO<\/strong><\/p>\n\n\n\n<p><strong>Palco Rua Coberta<\/strong>. A partir das 14h<\/p>\n\n\n\n<p>Duo Four Blues&nbsp;&nbsp;<\/p>\n\n\n\n<p>Mauricio Sahadi Quarteto Blues&nbsp;<\/p>\n\n\n\n<p><strong>Palco Cal\u00e7ad\u00e3o do Grawatta<\/strong>. A partir das 20h<\/p>\n\n\n\n<p>Roda de Blues &nbsp;<\/p>\n\n\n\n<p>James Boogaloo Bolden&nbsp;<\/p>\n\n\n\n<p><\/p>\n","protected":false},"excerpt":{"rendered":"<p>Evento na cidade hist\u00f3rica acontece entre os dias 14 e 16 de junho. Artistas como<\/p>\n","protected":false},"author":1,"featured_media":40251,"comment_status":"closed","ping_status":"open","sticky":false,"template":"","format":"standard","meta":{"spay_email":"","footnotes":"","jetpack_publicize_message":""},"categories":[42],"tags":[],"jetpack_featured_media_url":"https:\/\/i2.wp.com\/jornaldeitaipava.com.br\/wp-content\/uploads\/2024\/06\/JJ_THAMES_E_IGOR_PRADO-PARATY_2024-FOTO_CEZAR_FERNANDES4_2-scaled.jpg?fit=2560%2C1707&ssl=1","jetpack_publicize_connections":[],"jetpack_sharing_enabled":true,"jetpack_likes_enabled":true,"jetpack-related-posts":[],"_links":{"self":[{"href":"https:\/\/jornaldeitaipava.com.br\/index.php\/wp-json\/wp\/v2\/posts\/40250"}],"collection":[{"href":"https:\/\/jornaldeitaipava.com.br\/index.php\/wp-json\/wp\/v2\/posts"}],"about":[{"href":"https:\/\/jornaldeitaipava.com.br\/index.php\/wp-json\/wp\/v2\/types\/post"}],"author":[{"embeddable":true,"href":"https:\/\/jornaldeitaipava.com.br\/index.php\/wp-json\/wp\/v2\/users\/1"}],"replies":[{"embeddable":true,"href":"https:\/\/jornaldeitaipava.com.br\/index.php\/wp-json\/wp\/v2\/comments?post=40250"}],"version-history":[{"count":1,"href":"https:\/\/jornaldeitaipava.com.br\/index.php\/wp-json\/wp\/v2\/posts\/40250\/revisions"}],"predecessor-version":[{"id":40252,"href":"https:\/\/jornaldeitaipava.com.br\/index.php\/wp-json\/wp\/v2\/posts\/40250\/revisions\/40252"}],"wp:featuredmedia":[{"embeddable":true,"href":"https:\/\/jornaldeitaipava.com.br\/index.php\/wp-json\/wp\/v2\/media\/40251"}],"wp:attachment":[{"href":"https:\/\/jornaldeitaipava.com.br\/index.php\/wp-json\/wp\/v2\/media?parent=40250"}],"wp:term":[{"taxonomy":"category","embeddable":true,"href":"https:\/\/jornaldeitaipava.com.br\/index.php\/wp-json\/wp\/v2\/categories?post=40250"},{"taxonomy":"post_tag","embeddable":true,"href":"https:\/\/jornaldeitaipava.com.br\/index.php\/wp-json\/wp\/v2\/tags?post=40250"}],"curies":[{"name":"wp","href":"https:\/\/api.w.org\/{rel}","templated":true}]}}