{"id":40300,"date":"2024-06-17T11:31:26","date_gmt":"2024-06-17T14:31:26","guid":{"rendered":"http:\/\/jornaldeitaipava.com.br\/?p=40300"},"modified":"2024-06-17T11:31:28","modified_gmt":"2024-06-17T14:31:28","slug":"petropolis-sedia-7a-encontro-das-guardas-municipais-femininas-do-rio-de-janeiro","status":"publish","type":"post","link":"https:\/\/jornaldeitaipava.com.br\/index.php\/2024\/06\/17\/petropolis-sedia-7a-encontro-das-guardas-municipais-femininas-do-rio-de-janeiro\/","title":{"rendered":"Petr\u00f3polis sedia 7\u00aa Encontro das Guardas Municipais Femininas do Rio de Janeiro"},"content":{"rendered":"\n<p>Cerca de 100 pessoas participaram do 7\u00ba Encontro das Guardas Municipais Femininas do Rio de Janeiro, realizado nesta sexta-feira (14), no Instituto Teol\u00f3gico Franciscano (ITF). O evento tem apoio da Prefeitura de Petr\u00f3polis e reuniu guardas civis femininas de mais de 40 cidades do Rio e de outros estados brasileiros.<\/p>\n\n\n\n<p>\u201cEsse evento representa a luta de voc\u00eas por representa\u00e7\u00e3o da classe. Essa mobiliza\u00e7\u00e3o \u00e9 fundamental para que continuemos avan\u00e7ando ainda mais nessa representatividade\u201d, disse o secret\u00e1rio de Governo, Marcus S\u00e3o Thiago, que representou o prefeito Rubens Bomtempo no evento.<\/p>\n\n\n\n<p>\u201cSabemos das dificuldades para as mulheres em ocupar alguns espa\u00e7os. Que esse encontro seja de troca e constru\u00e7\u00e3o. Que voc\u00eas se sintam acolhidas e que essas trocas sejam transformadoras\u201d, ressaltou a secret\u00e1ria dos Direitos e Pol\u00edticas para as Mulheres, Tha\u00eds Justen. A presidente da Comdep, Erica Lelis tamb\u00e9m participou do encontro. \u201cEsse evento \u00e9 para voc\u00eas, aproveitem\u201d, frisou a presidente.<\/p>\n\n\n\n<p>O protagonismo feminino, sa\u00fade mental, atua\u00e7\u00e3o da mulher na seguran\u00e7a p\u00fablica e aposentadoria foram alguns dos temas debatidos no encontro. Al\u00e9m de palestras e apresenta\u00e7\u00e3o cultural, a hist\u00f3ria da Guarda Civil Municipal de Petr\u00f3polis, que completou 100 anos, foi apresentada no encontro.<\/p>\n\n\n\n<p>O evento tamb\u00e9m contou com homenagens. O comandante da GCM, Edgar Theobald entregou lembran\u00e7as para a subcomandante da GCM, Magali Artes e a Inspetora Panisola, do Grupamento de Opera\u00e7\u00f5es com c\u00e3es. \u201cTemos um olhar especial para nossa GCM, que tem a capacidade de unir a seguran\u00e7a p\u00fablica com o cidad\u00e3o\u201d, comentou o secret\u00e1rio de Seguran\u00e7a e Ordem P\u00fablica, Elias Montes.<\/p>\n","protected":false},"excerpt":{"rendered":"<p>Cerca de 100 pessoas participaram do 7\u00ba Encontro das Guardas Municipais Femininas do Rio de<\/p>\n","protected":false},"author":1,"featured_media":40301,"comment_status":"closed","ping_status":"open","sticky":false,"template":"","format":"standard","meta":{"spay_email":"","footnotes":"","jetpack_publicize_message":""},"categories":[2],"tags":[],"jetpack_featured_media_url":"https:\/\/i2.wp.com\/jornaldeitaipava.com.br\/wp-content\/uploads\/2024\/06\/WhatsApp-Image-2024-06-14-at-17.42.41.jpeg?fit=1599%2C1066&ssl=1","jetpack_publicize_connections":[],"jetpack_sharing_enabled":true,"jetpack_likes_enabled":true,"jetpack-related-posts":[],"_links":{"self":[{"href":"https:\/\/jornaldeitaipava.com.br\/index.php\/wp-json\/wp\/v2\/posts\/40300"}],"collection":[{"href":"https:\/\/jornaldeitaipava.com.br\/index.php\/wp-json\/wp\/v2\/posts"}],"about":[{"href":"https:\/\/jornaldeitaipava.com.br\/index.php\/wp-json\/wp\/v2\/types\/post"}],"author":[{"embeddable":true,"href":"https:\/\/jornaldeitaipava.com.br\/index.php\/wp-json\/wp\/v2\/users\/1"}],"replies":[{"embeddable":true,"href":"https:\/\/jornaldeitaipava.com.br\/index.php\/wp-json\/wp\/v2\/comments?post=40300"}],"version-history":[{"count":1,"href":"https:\/\/jornaldeitaipava.com.br\/index.php\/wp-json\/wp\/v2\/posts\/40300\/revisions"}],"predecessor-version":[{"id":40302,"href":"https:\/\/jornaldeitaipava.com.br\/index.php\/wp-json\/wp\/v2\/posts\/40300\/revisions\/40302"}],"wp:featuredmedia":[{"embeddable":true,"href":"https:\/\/jornaldeitaipava.com.br\/index.php\/wp-json\/wp\/v2\/media\/40301"}],"wp:attachment":[{"href":"https:\/\/jornaldeitaipava.com.br\/index.php\/wp-json\/wp\/v2\/media?parent=40300"}],"wp:term":[{"taxonomy":"category","embeddable":true,"href":"https:\/\/jornaldeitaipava.com.br\/index.php\/wp-json\/wp\/v2\/categories?post=40300"},{"taxonomy":"post_tag","embeddable":true,"href":"https:\/\/jornaldeitaipava.com.br\/index.php\/wp-json\/wp\/v2\/tags?post=40300"}],"curies":[{"name":"wp","href":"https:\/\/api.w.org\/{rel}","templated":true}]}}