{"id":40303,"date":"2024-06-17T11:32:41","date_gmt":"2024-06-17T14:32:41","guid":{"rendered":"http:\/\/jornaldeitaipava.com.br\/?p=40303"},"modified":"2024-06-17T11:32:43","modified_gmt":"2024-06-17T14:32:43","slug":"divulgada-a-programacao-da-35a-bauernfest","status":"publish","type":"post","link":"https:\/\/jornaldeitaipava.com.br\/index.php\/2024\/06\/17\/divulgada-a-programacao-da-35a-bauernfest\/","title":{"rendered":"Divulgada a programa\u00e7\u00e3o da 35\u00aa Bauernfest"},"content":{"rendered":"\n<p class=\"has-text-align-center\"><strong>Festa do Colono Alem\u00e3o come\u00e7a dia 21 de junho no Pal\u00e1cio de Cristal<\/strong><\/p>\n\n\n\n<p>A maior festa da cidade, a Bauernfest, come\u00e7a na pr\u00f3xima semana com uma programa\u00e7\u00e3o cultural extensa promovida pela Prefeitura de Petr\u00f3polis em parceria com o Clube 29 de Junho. A 35\u00aa edi\u00e7\u00e3o da Bauern acontece no Pal\u00e1cio de Cristal e arredores, entre os dias 21 de junho e sete de julho, com apresenta\u00e7\u00e3o de grupos folcl\u00f3ricos germ\u00e2nicos, oficinas, recrea\u00e7\u00e3o infantil, concursos tradicionais, al\u00e9m de muita culin\u00e1ria alem\u00e3 e chope.<\/p>\n\n\n\n<p>\u201cEstamos preparados para receber os turistas e os visitantes para aproveitarem essa grande festa de valoriza\u00e7\u00e3o da cultura e gastronomia dos nossos colonos\u201d, disse o prefeito Rubens Bomtempo. A programa\u00e7\u00e3o completa da 35\u00aa Bauernfest est\u00e1 no site da Prefeitura (petropolis.rj.gov.br).<\/p>\n\n\n\n<p>A abertura da festa acontece na sexta-feira (21\/06), \u00e0s 18h30, no Pal\u00e1cio de Cristal com o hasteamento das bandeiras do Brasil e da Alemanha, apresenta\u00e7\u00f5es musicais e culturais e a sangria do primeiro barril de chope. \u201cOs grupos folcl\u00f3ricos e os concursos tradicionais, como do chope em metro, do chap\u00e9u mais enfeitado e da realeza acontecem no Pal\u00e1cio de Cristal, que est\u00e1 quase pronto para a nossa Bauern. As barracas j\u00e1 est\u00e3o montadas e nos pr\u00f3ximos dias tem in\u00edcio a montagem do palco e a ornamenta\u00e7\u00e3o da festa\u201d, disse a secret\u00e1ria de Cultura, Diana Iliescu.<\/p>\n\n\n\n<p>As atra\u00e7\u00f5es v\u00e3o se concentrar no Pal\u00e1cio de Cristal, onde os grupos folcl\u00f3ricos ir\u00e3o se apresentar no Palco Koblenz, que tamb\u00e9m recebe os concursos tradicionais da Bauer. Dentro do pal\u00e1cio os visitantes v\u00e3o poder aproveitar os bailes, como o Gera\u00e7\u00e3o Prateada, e os concursos de chope em metro. Tamb\u00e9m est\u00e3o previstas atividades no Museu Casa do Colono e no Centro da Cidade.<\/p>\n\n\n\n<p>No dia 29 de junho, Dia do Colono Alem\u00e3o, as solenidades oficiais tem in\u00edcio \u00e0s 9h, no Obelisco, com homenagem \u00e0s fam\u00edlias dos colonos. Logo ap\u00f3s tem homenagem ao Major Julio Frederico Koeler, na Pra\u00e7a Princesa Isabel (na Catedral S\u00e3o Pedro de Alc\u00e2ntara) e \u00e0s 12h30 acontece o culto ecum\u00eanico nos jardins do Pal\u00e1cio de Cristal. Tamb\u00e9m no dia 29, ser\u00e1 realizado o Desfile das Lanternas, com sa\u00edda \u00e0s 20h, da Igreja Luterana (Avenida Ipiranga) em dire\u00e7\u00e3o ao Pal\u00e1cio de Cristal.<\/p>\n\n\n\n<p>Os tradicionais desfiles pelas ruas do Centro Hist\u00f3rico acontecem nos domingos (dias 23 de junho e 07 de julho), com sa\u00eddas previstas para \u00e0s 10h da Rua da Imperatriz (em frente \u00e0 Pra\u00e7a Visconde de Mau\u00e1 \u2013 Pra\u00e7a da \u00c1guia) em dire\u00e7\u00e3o \u00e0 Rua Alfredo Pach\u00e1 (no entorno do Pal\u00e1cio de Cristal).<\/p>\n","protected":false},"excerpt":{"rendered":"<p>Festa do Colono Alem\u00e3o come\u00e7a dia 21 de junho no Pal\u00e1cio de Cristal A maior<\/p>\n","protected":false},"author":1,"featured_media":30319,"comment_status":"closed","ping_status":"open","sticky":false,"template":"","format":"standard","meta":{"spay_email":"","footnotes":"","jetpack_publicize_message":""},"categories":[42],"tags":[],"jetpack_featured_media_url":"https:\/\/i1.wp.com\/jornaldeitaipava.com.br\/wp-content\/uploads\/2022\/08\/BAUERN.jpg?fit=600%2C400&ssl=1","jetpack_publicize_connections":[],"jetpack_sharing_enabled":true,"jetpack_likes_enabled":true,"jetpack-related-posts":[],"_links":{"self":[{"href":"https:\/\/jornaldeitaipava.com.br\/index.php\/wp-json\/wp\/v2\/posts\/40303"}],"collection":[{"href":"https:\/\/jornaldeitaipava.com.br\/index.php\/wp-json\/wp\/v2\/posts"}],"about":[{"href":"https:\/\/jornaldeitaipava.com.br\/index.php\/wp-json\/wp\/v2\/types\/post"}],"author":[{"embeddable":true,"href":"https:\/\/jornaldeitaipava.com.br\/index.php\/wp-json\/wp\/v2\/users\/1"}],"replies":[{"embeddable":true,"href":"https:\/\/jornaldeitaipava.com.br\/index.php\/wp-json\/wp\/v2\/comments?post=40303"}],"version-history":[{"count":1,"href":"https:\/\/jornaldeitaipava.com.br\/index.php\/wp-json\/wp\/v2\/posts\/40303\/revisions"}],"predecessor-version":[{"id":40304,"href":"https:\/\/jornaldeitaipava.com.br\/index.php\/wp-json\/wp\/v2\/posts\/40303\/revisions\/40304"}],"wp:featuredmedia":[{"embeddable":true,"href":"https:\/\/jornaldeitaipava.com.br\/index.php\/wp-json\/wp\/v2\/media\/30319"}],"wp:attachment":[{"href":"https:\/\/jornaldeitaipava.com.br\/index.php\/wp-json\/wp\/v2\/media?parent=40303"}],"wp:term":[{"taxonomy":"category","embeddable":true,"href":"https:\/\/jornaldeitaipava.com.br\/index.php\/wp-json\/wp\/v2\/categories?post=40303"},{"taxonomy":"post_tag","embeddable":true,"href":"https:\/\/jornaldeitaipava.com.br\/index.php\/wp-json\/wp\/v2\/tags?post=40303"}],"curies":[{"name":"wp","href":"https:\/\/api.w.org\/{rel}","templated":true}]}}