{"id":40308,"date":"2024-06-17T12:20:37","date_gmt":"2024-06-17T15:20:37","guid":{"rendered":"http:\/\/jornaldeitaipava.com.br\/?p=40308"},"modified":"2024-06-17T12:20:51","modified_gmt":"2024-06-17T15:20:51","slug":"quem-se-inscreveu-no-enem-2024-tem-ate-quarta-feira-para-pagar-taxa","status":"publish","type":"post","link":"https:\/\/jornaldeitaipava.com.br\/index.php\/2024\/06\/17\/quem-se-inscreveu-no-enem-2024-tem-ate-quarta-feira-para-pagar-taxa\/","title":{"rendered":"Quem se inscreveu no Enem 2024 tem at\u00e9 quarta-feira para pagar taxa"},"content":{"rendered":"\n<p>O participante que se inscreveu no Exame Nacional do Ensino M\u00e9dio (Enem) 2024 t\u00eam at\u00e9 a pr\u00f3xima quarta-feira (19) para pagar a taxa de inscri\u00e7\u00e3o no valor de R$ 85. As provas ser\u00e3o aplicadas nos dias 3 e 10 de novembro, em todas unidades federativas.<\/p>\n\n\n\n<p>O prazo para as inscri\u00e7\u00f5es, que havia sido prorrogado em uma semana, encerrou-se na \u00faltima sexta-feira (14). Quem se inscreveu a tempo, recebeu ainda mais alguns dias para efetivar a inscri\u00e7\u00e3o pagando a taxa.<\/p>\n\n\n\n<p>O pagamento \u00e9 feito por meio de boleto do Banco do Brasil, disponibilizado ao inscrito ap\u00f3s acesso \u00e0 P\u00e1gina do Participante, por meio do login \u00fanico do Gov.br.<\/p>\n\n\n\n<p>At\u00e9 o momento, o Minist\u00e9rio da Educa\u00e7\u00e3o (MEC) registrou 5.055.699 de inscri\u00e7\u00f5es para o Enem 2024. O\u202fn\u00famero definitivo de inscri\u00e7\u00f5es confirmadas e do perfil do participante ser\u00e1 divulgado ap\u00f3s a compensa\u00e7\u00e3o de todos os pagamentos da taxa de inscri\u00e7\u00e3o.<\/p>\n\n\n\n<p><strong>Rio Grande do Sul<br><\/strong>O n\u00famero total de inscritos ainda pode aumentar porque o governo federal assegurou um per\u00edodo extra para os candidatos do Rio Grande do Sul se inscreverem, entre 16 e 21 de junho. Os participantes que moram no estado tamb\u00e9m t\u00eam isen\u00e7\u00e3o da taxa.<br>O Minist\u00e9rio da Educa\u00e7\u00e3o ainda avalia a necessidade de aplica\u00e7\u00e3o das provas em nova data para os participantes dos munic\u00edpios ga\u00fachos, em raz\u00e3o do desastre clim\u00e1tico que atingiu o estado no m\u00eas passado.<\/p>\n\n\n\n<p>Para mais informa\u00e7\u00f5es, o edital do Enem 2024 pode ser acessado <a href=\"https:\/\/www.in.gov.br\/en\/web\/dou\/-\/edital-n-51-de-10-de-maio-de-2024-559158847\" data-type=\"link\" data-id=\"https:\/\/www.in.gov.br\/en\/web\/dou\/-\/edital-n-51-de-10-de-maio-de-2024-559158847\">aqui<\/a>.<\/p>\n","protected":false},"excerpt":{"rendered":"<p>O participante que se inscreveu no Exame Nacional do Ensino M\u00e9dio (Enem) 2024 t\u00eam at\u00e9<\/p>\n","protected":false},"author":1,"featured_media":34268,"comment_status":"closed","ping_status":"open","sticky":false,"template":"","format":"standard","meta":{"spay_email":"","footnotes":"","jetpack_publicize_message":""},"categories":[9],"tags":[],"jetpack_featured_media_url":"https:\/\/i2.wp.com\/jornaldeitaipava.com.br\/wp-content\/uploads\/2023\/04\/enem.png?fit=1439%2C647&ssl=1","jetpack_publicize_connections":[],"jetpack_sharing_enabled":true,"jetpack_likes_enabled":true,"jetpack-related-posts":[],"_links":{"self":[{"href":"https:\/\/jornaldeitaipava.com.br\/index.php\/wp-json\/wp\/v2\/posts\/40308"}],"collection":[{"href":"https:\/\/jornaldeitaipava.com.br\/index.php\/wp-json\/wp\/v2\/posts"}],"about":[{"href":"https:\/\/jornaldeitaipava.com.br\/index.php\/wp-json\/wp\/v2\/types\/post"}],"author":[{"embeddable":true,"href":"https:\/\/jornaldeitaipava.com.br\/index.php\/wp-json\/wp\/v2\/users\/1"}],"replies":[{"embeddable":true,"href":"https:\/\/jornaldeitaipava.com.br\/index.php\/wp-json\/wp\/v2\/comments?post=40308"}],"version-history":[{"count":1,"href":"https:\/\/jornaldeitaipava.com.br\/index.php\/wp-json\/wp\/v2\/posts\/40308\/revisions"}],"predecessor-version":[{"id":40309,"href":"https:\/\/jornaldeitaipava.com.br\/index.php\/wp-json\/wp\/v2\/posts\/40308\/revisions\/40309"}],"wp:featuredmedia":[{"embeddable":true,"href":"https:\/\/jornaldeitaipava.com.br\/index.php\/wp-json\/wp\/v2\/media\/34268"}],"wp:attachment":[{"href":"https:\/\/jornaldeitaipava.com.br\/index.php\/wp-json\/wp\/v2\/media?parent=40308"}],"wp:term":[{"taxonomy":"category","embeddable":true,"href":"https:\/\/jornaldeitaipava.com.br\/index.php\/wp-json\/wp\/v2\/categories?post=40308"},{"taxonomy":"post_tag","embeddable":true,"href":"https:\/\/jornaldeitaipava.com.br\/index.php\/wp-json\/wp\/v2\/tags?post=40308"}],"curies":[{"name":"wp","href":"https:\/\/api.w.org\/{rel}","templated":true}]}}